{"id":6624,"date":"2013-01-17T22:30:09","date_gmt":"2013-01-17T20:30:09","guid":{"rendered":"http:\/\/www.ades-grenoble.org\/wordpress\/?p=6624"},"modified":"2013-01-17T22:30:09","modified_gmt":"2013-01-17T20:30:09","slug":"les-tarifs-du-chauffage-urbain-illegaux-2","status":"publish","type":"post","link":"https:\/\/www.ades-grenoble.org\/wordpress\/2013\/01\/17\/les-tarifs-du-chauffage-urbain-illegaux-2\/","title":{"rendered":"Les tarifs du chauffage urbain ill\u00e9gaux !"},"content":{"rendered":"<p>Comme attendu, suite \u00e0 l\u2019audience de d\u00e9cembre 2012 (<a href=\"http:\/\/www.ades-grenoble.org\/wordpress\/2012\/12\/14\/chauffage-urbain-les-tarifs-de-2008-illegaux\/\">voir notre article du 14 d\u00e9cembre 2012<\/a>), le tribunal administratif a annul\u00e9 le 16 janvier 2013, \u00e0 la demande de l\u2019ADES, les tarifs du chauffage urbain mis en place le 1er juillet 2008 par J. Safar. Cette d\u00e9cision aura des cons\u00e9quences importantes pour les usagers qui demandent depuis de nombreux mois le remboursement du trop per\u00e7u dans leurs factures de 2008 \u00e0 2011. Nous reviendrons prochainement plus en d\u00e9tail sur cette question.<\/p>\n","protected":false},"excerpt":{"rendered":"<p>Comme attendu, suite \u00e0 l\u2019audience de d\u00e9cembre 2012 (voir notre article du 14 d\u00e9cembre 2012), le tribunal administratif a annul\u00e9 le 16 janvier 2013, \u00e0 la demande de l\u2019ADES, les tarifs du chauffage urbain mis en place le 1er juillet 2008 par J. Safar. Cette d\u00e9cision aura des cons\u00e9quences importantes pour les usagers qui demandent [&hellip;]<\/p>\n","protected":false},"author":1,"featured_media":0,"comment_status":"closed","ping_status":"open","sticky":false,"template":"","format":"standard","meta":{"twitterCardType":"","cardImageID":0,"cardImage":"","cardTitle":"","cardDesc":"","cardImageAlt":"","cardPlayer":"","cardPlayerWidth":0,"cardPlayerHeight":0,"cardPlayerStream":"","cardPlayerCodec":"","footnotes":""},"categories":[11],"tags":[27,52,55],"class_list":["post-6624","post","type-post","status-publish","format-standard","hentry","category-politique-locale","tag-cie-de-chauffage","tag-justice-administrative","tag-tarifs-publics"],"_links":{"self":[{"href":"https:\/\/www.ades-grenoble.org\/wordpress\/wp-json\/wp\/v2\/posts\/6624","targetHints":{"allow":["GET"]}}],"collection":[{"href":"https:\/\/www.ades-grenoble.org\/wordpress\/wp-json\/wp\/v2\/posts"}],"about":[{"href":"https:\/\/www.ades-grenoble.org\/wordpress\/wp-json\/wp\/v2\/types\/post"}],"author":[{"embeddable":true,"href":"https:\/\/www.ades-grenoble.org\/wordpress\/wp-json\/wp\/v2\/users\/1"}],"replies":[{"embeddable":true,"href":"https:\/\/www.ades-grenoble.org\/wordpress\/wp-json\/wp\/v2\/comments?post=6624"}],"version-history":[{"count":4,"href":"https:\/\/www.ades-grenoble.org\/wordpress\/wp-json\/wp\/v2\/posts\/6624\/revisions"}],"predecessor-version":[{"id":6633,"href":"https:\/\/www.ades-grenoble.org\/wordpress\/wp-json\/wp\/v2\/posts\/6624\/revisions\/6633"}],"wp:attachment":[{"href":"https:\/\/www.ades-grenoble.org\/wordpress\/wp-json\/wp\/v2\/media?parent=6624"}],"wp:term":[{"taxonomy":"category","embeddable":true,"href":"https:\/\/www.ades-grenoble.org\/wordpress\/wp-json\/wp\/v2\/categories?post=6624"},{"taxonomy":"post_tag","embeddable":true,"href":"https:\/\/www.ades-grenoble.org\/wordpress\/wp-json\/wp\/v2\/tags?post=6624"}],"curies":[{"name":"wp","href":"https:\/\/api.w.org\/{rel}","templated":true}]}}