{"id":6667,"date":"2013-02-01T21:34:37","date_gmt":"2013-02-01T19:34:37","guid":{"rendered":"http:\/\/www.ades-grenoble.org\/wordpress\/?p=6667"},"modified":"2013-02-01T21:34:37","modified_gmt":"2013-02-01T19:34:37","slug":"pour-larret-du-nucleaire-civil-et-militaire-chaine-humaine-le-9-fevrier","status":"publish","type":"post","link":"https:\/\/www.ades-grenoble.org\/wordpress\/2013\/02\/01\/pour-larret-du-nucleaire-civil-et-militaire-chaine-humaine-le-9-fevrier\/","title":{"rendered":"Pour l\u2019arr\u00eat du nucl\u00e9aire civil et militaire : cha\u00eene humaine le 9 f\u00e9vrier"},"content":{"rendered":"<p><img loading=\"lazy\" decoding=\"async\" class=\"alignleft size-thumbnail wp-image-6175\" alt=\"NucleaireSTOP\" src=\"http:\/\/www.ades-grenoble.org\/wordpress\/wp-content\/uploads\/2012\/10\/NucleaireSTOP-150x143.jpg\" width=\"150\" height=\"143\" srcset=\"https:\/\/www.ades-grenoble.org\/wordpress\/wp-content\/uploads\/2012\/10\/NucleaireSTOP-150x143.jpg 150w, https:\/\/www.ades-grenoble.org\/wordpress\/wp-content\/uploads\/2012\/10\/NucleaireSTOP.jpg 157w\" sizes=\"auto, (max-width: 150px) 100vw, 150px\" \/>Le r\u00e9seau sortir du nucl\u00e9aire 38 invite \u00e0 faire une chaine humaine le 9 f\u00e9vrier \u00e0 Grenoble pour demander l\u2019arr\u00eat du nucl\u00e9aire civil et militaire en pr\u00e9paration \u00e0 la manifestation nationale du 9 mars \u00e0 Paris.<\/p>\n<p><strong>Rendez-vous \u00e0 Grenoble samedi 9 f\u00e9vrier autour du kiosque du Jardin de Ville\u00a0\u00e0 14h30<\/strong><\/p>\n<ul>\n<li>stand pour inscription et soutien \u00e0 l\u2019organisation\u00a0de la grande chaine humaine du 9 mars \u00e0 Paris<\/li>\n<li>15h : d\u00e9part de la Chaine \u00e0 travers la ville<\/li>\n<\/ul>\n<p>Pour plus de visibilit\u00e9, portez du jaune sur vous si possible.<\/p>\n<p>Un mois apr\u00e8s, le 9 mars \u00e0 Paris,\u00a0ce seront les lieux des pouvoirs pro-nucl\u00e9aires qu\u2019encercleront\u00a0les citoyens dans une grande Chaine humaine de 20 kms ! Transport par car depuis Grenoble\u00a0\u00e0 des tarifs les moins chers possibles.<\/p>\n<p>Inscription et pr\u00e9cisions sur <a href=\"http:\/\/www.sdn38.info\" target=\"_blank\">www.sdn38.info<\/a>.<\/p>\n","protected":false},"excerpt":{"rendered":"<p>Le r\u00e9seau sortir du nucl\u00e9aire 38 invite \u00e0 faire une chaine humaine le 9 f\u00e9vrier \u00e0 Grenoble pour demander l\u2019arr\u00eat du nucl\u00e9aire civil et militaire en pr\u00e9paration \u00e0 la manifestation nationale du 9 mars \u00e0 Paris. Rendez-vous \u00e0 Grenoble samedi 9 f\u00e9vrier autour du kiosque du Jardin de Ville\u00a0\u00e0 14h30 stand pour inscription et soutien [&hellip;]<\/p>\n","protected":false},"author":1,"featured_media":0,"comment_status":"closed","ping_status":"open","sticky":false,"template":"","format":"standard","meta":{"twitterCardType":"","cardImageID":0,"cardImage":"","cardTitle":"","cardDesc":"","cardImageAlt":"","cardPlayer":"","cardPlayerWidth":0,"cardPlayerHeight":0,"cardPlayerStream":"","cardPlayerCodec":"","footnotes":""},"categories":[11],"tags":[64],"class_list":["post-6667","post","type-post","status-publish","format-standard","hentry","category-politique-locale","tag-nucleaire"],"_links":{"self":[{"href":"https:\/\/www.ades-grenoble.org\/wordpress\/wp-json\/wp\/v2\/posts\/6667","targetHints":{"allow":["GET"]}}],"collection":[{"href":"https:\/\/www.ades-grenoble.org\/wordpress\/wp-json\/wp\/v2\/posts"}],"about":[{"href":"https:\/\/www.ades-grenoble.org\/wordpress\/wp-json\/wp\/v2\/types\/post"}],"author":[{"embeddable":true,"href":"https:\/\/www.ades-grenoble.org\/wordpress\/wp-json\/wp\/v2\/users\/1"}],"replies":[{"embeddable":true,"href":"https:\/\/www.ades-grenoble.org\/wordpress\/wp-json\/wp\/v2\/comments?post=6667"}],"version-history":[{"count":1,"href":"https:\/\/www.ades-grenoble.org\/wordpress\/wp-json\/wp\/v2\/posts\/6667\/revisions"}],"predecessor-version":[{"id":6668,"href":"https:\/\/www.ades-grenoble.org\/wordpress\/wp-json\/wp\/v2\/posts\/6667\/revisions\/6668"}],"wp:attachment":[{"href":"https:\/\/www.ades-grenoble.org\/wordpress\/wp-json\/wp\/v2\/media?parent=6667"}],"wp:term":[{"taxonomy":"category","embeddable":true,"href":"https:\/\/www.ades-grenoble.org\/wordpress\/wp-json\/wp\/v2\/categories?post=6667"},{"taxonomy":"post_tag","embeddable":true,"href":"https:\/\/www.ades-grenoble.org\/wordpress\/wp-json\/wp\/v2\/tags?post=6667"}],"curies":[{"name":"wp","href":"https:\/\/api.w.org\/{rel}","templated":true}]}}