{"id":6719,"date":"2013-02-15T21:48:49","date_gmt":"2013-02-15T19:48:49","guid":{"rendered":"http:\/\/www.ades-grenoble.org\/wordpress\/?p=6719"},"modified":"2013-02-15T21:48:49","modified_gmt":"2013-02-15T19:48:49","slug":"ateliers-populaires-durbanisme-ca-marche","status":"publish","type":"post","link":"https:\/\/www.ades-grenoble.org\/wordpress\/2013\/02\/15\/ateliers-populaires-durbanisme-ca-marche\/","title":{"rendered":"Ateliers Populaires d\u2019Urbanisme, \u00e7a marche"},"content":{"rendered":"<div id=\"attachment_5399\" style=\"width: 160px\" class=\"wp-caption alignleft\"><img loading=\"lazy\" decoding=\"async\" aria-describedby=\"caption-attachment-5399\" class=\"size-thumbnail wp-image-5399\" alt=\"Tous droits r\u00e9serv\u00e9s (photo GK)\" src=\"http:\/\/www.ades-grenoble.org\/wordpress\/wp-content\/uploads\/2012\/03\/50Arlequin-150x100.jpg\" width=\"150\" height=\"100\" srcset=\"https:\/\/www.ades-grenoble.org\/wordpress\/wp-content\/uploads\/2012\/03\/50Arlequin-150x100.jpg 150w, https:\/\/www.ades-grenoble.org\/wordpress\/wp-content\/uploads\/2012\/03\/50Arlequin.jpg 300w\" sizes=\"auto, (max-width: 150px) 100vw, 150px\" \/><p id=\"caption-attachment-5399\" class=\"wp-caption-text\">Tous droits r\u00e9serv\u00e9s (photo GK)<\/p><\/div>\n<p>Quand les habitants d\u00e9cident de s\u2019occuper eux-m\u00eames de leur vie dans leur quartier, \u00e7a marche. A la Villeneuve les Ateliers fonctionnent avec un nombre important de participants. Un des groupes de travail se penche sur la r\u00e9novation urbaine. Avec la CSF (Conf\u00e9d\u00e9ration Syndicale des Familles) et la CNL (Conf\u00e9d\u00e9ration Nationale du Logement), repr\u00e9sentants les locataires, il a demand\u00e9 que soit organis\u00e9e une table ronde r\u00e9unissant la Ville de Grenoble, les bailleurs et les habitants afin de mettre toutes les informations sur la table et que les habitants puissent comprendre ce qui se d\u00e9cide en \u00e9tant associ\u00e9s aux d\u00e9cisions qui les int\u00e9ressent au premier chef. Voici le texte de la lettre, envoy\u00e9e r\u00e9cemment, qui fait cette proposition intelligente. La balle est dans le camp de la Ville.<\/p>\n<p><!--more--><\/p>\n<p style=\"padding-left: 30px;\">\u00ab\u00a0Lors des travaux du groupe \u2018R\u00e9habilitation\u2019 des Ateliers Populaires d\u2019Urbanisme, nous, organisateurs de ces APU et f\u00e9d\u00e9rations de locataires organisant les locataires sur site (CNL, CSF), avons mesur\u00e9 l\u2019ampleur de l\u2019inqui\u00e9tude des habitants de la Villeneuve sur les r\u00e9percussions, dans leur quotidien, des op\u00e9rations envisag\u00e9es et avons entendu de nombreuses propositions et de nombreuses questions dont les r\u00e9ponses vous appartiennent.<\/p>\n<p style=\"padding-left: 30px;\">Ces questions portent bien s\u00fbr sur les projets concernent le 10\/20 suite \u00e0 la vente et ses cons\u00e9quences pour ses occupants, mais aussi sur les conditions de la d\u00e9molition du 50 et du 130 et sur les travaux de r\u00e9novation thermique attendus et aussi tout particuli\u00e8rement sur des restructurations lourdes pour lesquelles l\u2019information actuelle n\u2019est pas pass\u00e9e.<\/p>\n<p style=\"padding-left: 30px;\">C\u2019est ainsi qu\u2019a \u00e9t\u00e9 faite la proposition d\u2019organiser une table ronde qui r\u00e9unirait tous les acteurs destinataires de cette lettre. Aussi nous vous demandons de bien vouloir nous proposer une date d\u2019ici le 20 mars afin de r\u00e9unir cette table ronde qui pourrait avoir lieu \u00e0 la salle 150 \u00e0 Villeneuve.<\/p>\n<p style=\"padding-left: 30px;\">Afin que nous puissions informer les habitants, vous voudrez bien nous transmettre au plus t\u00f4t la date qui vous convient le mieux.<\/p>\n","protected":false},"excerpt":{"rendered":"<p>Quand les habitants d\u00e9cident de s\u2019occuper eux-m\u00eames de leur vie dans leur quartier, \u00e7a marche. A la Villeneuve les Ateliers fonctionnent avec un nombre important de participants. Un des groupes de travail se penche sur la r\u00e9novation urbaine. Avec la CSF (Conf\u00e9d\u00e9ration Syndicale des Familles) et la CNL (Conf\u00e9d\u00e9ration Nationale du Logement), repr\u00e9sentants les locataires, [&hellip;]<\/p>\n","protected":false},"author":1,"featured_media":0,"comment_status":"closed","ping_status":"open","sticky":false,"template":"","format":"standard","meta":{"twitterCardType":"","cardImageID":0,"cardImage":"","cardTitle":"","cardDesc":"","cardImageAlt":"","cardPlayer":"","cardPlayerWidth":0,"cardPlayerHeight":0,"cardPlayerStream":"","cardPlayerCodec":"","footnotes":""},"categories":[11],"tags":[65,82],"class_list":["post-6719","post","type-post","status-publish","format-standard","hentry","category-politique-locale","tag-urbanisme","tag-villeneuve"],"_links":{"self":[{"href":"https:\/\/www.ades-grenoble.org\/wordpress\/wp-json\/wp\/v2\/posts\/6719","targetHints":{"allow":["GET"]}}],"collection":[{"href":"https:\/\/www.ades-grenoble.org\/wordpress\/wp-json\/wp\/v2\/posts"}],"about":[{"href":"https:\/\/www.ades-grenoble.org\/wordpress\/wp-json\/wp\/v2\/types\/post"}],"author":[{"embeddable":true,"href":"https:\/\/www.ades-grenoble.org\/wordpress\/wp-json\/wp\/v2\/users\/1"}],"replies":[{"embeddable":true,"href":"https:\/\/www.ades-grenoble.org\/wordpress\/wp-json\/wp\/v2\/comments?post=6719"}],"version-history":[{"count":2,"href":"https:\/\/www.ades-grenoble.org\/wordpress\/wp-json\/wp\/v2\/posts\/6719\/revisions"}],"predecessor-version":[{"id":6721,"href":"https:\/\/www.ades-grenoble.org\/wordpress\/wp-json\/wp\/v2\/posts\/6719\/revisions\/6721"}],"wp:attachment":[{"href":"https:\/\/www.ades-grenoble.org\/wordpress\/wp-json\/wp\/v2\/media?parent=6719"}],"wp:term":[{"taxonomy":"category","embeddable":true,"href":"https:\/\/www.ades-grenoble.org\/wordpress\/wp-json\/wp\/v2\/categories?post=6719"},{"taxonomy":"post_tag","embeddable":true,"href":"https:\/\/www.ades-grenoble.org\/wordpress\/wp-json\/wp\/v2\/tags?post=6719"}],"curies":[{"name":"wp","href":"https:\/\/api.w.org\/{rel}","templated":true}]}}