{"id":6805,"date":"2013-03-09T13:40:28","date_gmt":"2013-03-09T11:40:28","guid":{"rendered":"http:\/\/www.ades-grenoble.org\/wordpress\/?p=6805"},"modified":"2013-03-09T13:40:28","modified_gmt":"2013-03-09T11:40:28","slug":"la-location-du-stade-au-gf38-etait-illegale","status":"publish","type":"post","link":"https:\/\/www.ades-grenoble.org\/wordpress\/2013\/03\/09\/la-location-du-stade-au-gf38-etait-illegale\/","title":{"rendered":"La location du stade au GF38 \u00e9tait ill\u00e9gale"},"content":{"rendered":"<p><img loading=\"lazy\" decoding=\"async\" class=\"size-thumbnail wp-image-1517 alignleft\" style=\"margin: 5px;\" alt=\"Stade des Alpes\" src=\"http:\/\/www.ades-grenoble.org\/wordpress\/wp-content\/uploads\/2010\/04\/stade2-150x100.jpg\" width=\"150\" height=\"100\" srcset=\"https:\/\/www.ades-grenoble.org\/wordpress\/wp-content\/uploads\/2010\/04\/stade2-150x100.jpg 150w, https:\/\/www.ades-grenoble.org\/wordpress\/wp-content\/uploads\/2010\/04\/stade2.jpeg 300w\" sizes=\"auto, (max-width: 150px) 100vw, 150px\" \/>Le 31 janvier 2012, \u00e0 la demande d\u2019Hakim Sabri, \u00e9lu \u00ab\u00a0Ecologie et Solidarit\u00e9\u00a0\u00bb \u00e0 Grenoble, le tribunal administratif de Grenoble avait annul\u00e9 les d\u00e9lib\u00e9rations de la M\u00e9tro (de mars 2007 et septembre 2008) qui autorisait le pr\u00e9sident D. Migaud de signer le contrat de location du stade des Alpes au GF38 alors club professionnel. La M\u00e9tro a fait appel de ce jugement. La Cour Administrative d\u2019Appel de Lyon (CAA), vient de rejeter cet appel, le 28 f\u00e9vrier 2013. Cet arr\u00eat est int\u00e9ressant car il indique que le montant de la location \u00e9tait insuffisant, puisqu\u2019il ne tenait pas compte de tous les avantages que retirait le club de cette location. La CAA rappelle le droit\u00a0: \u00ab\u00a0Les avantages tir\u00e9s de l\u2019occupation d\u2019un complexe sportif s\u2019appr\u00e9cient notamment au regard des recettes tir\u00e9es de son utilisation telles que les ventes des places et des produits d\u00e9riv\u00e9s aux spectateurs, la location des emplacements publicitaires et des charges que la collectivit\u00e9 publique supporte telles que les amortissements, l\u2019entretien et la maintenance calcul\u00e9es au prorata de l\u2019utilisation d\u2019un tel \u00e9quipement.\u00a0\u00bb<\/p>\n<p>Les ressources autres que la billetterie sont tr\u00e8s importantes et ont \u00e9t\u00e9 n\u00e9glig\u00e9es dans le calcul de la redevance que versait le GF38 \u00e0 la M\u00e9tro en contrepartie de l\u2019utilisation du stade des Alpes. D\u2019o\u00f9 la sanction de la CAA qui maintient le jugement du tribunal administratif en le durcissant sur les aspects financiers.<\/p>\n<p>La le\u00e7on devra \u00eatre entendue par la M\u00e9tro pour la gestion du stade des Alpes au cas o\u00f9 un club professionnel en redeviendrait un club r\u00e9sidant, le contrat d\u2019affermage actuel serait dans l\u2019ill\u00e9galit\u00e9. La ville de Grenoble devrait y r\u00e9fl\u00e9chir pour l\u2019op\u00e9ration d\u2019aide au club professionnel de Rugby (FCG) \u00e0 travers l\u2019op\u00e9ration Lesdigui\u00e8res. Le FCG, au lieu de se plaindre de l\u2019insuffisance de l\u2019aide des collectivit\u00e9s devrait lui aussi m\u00e9diter cet arr\u00eat.<\/p>\n","protected":false},"excerpt":{"rendered":"<p>Le 31 janvier 2012, \u00e0 la demande d\u2019Hakim Sabri, \u00e9lu \u00ab\u00a0Ecologie et Solidarit\u00e9\u00a0\u00bb \u00e0 Grenoble, le tribunal administratif de Grenoble avait annul\u00e9 les d\u00e9lib\u00e9rations de la M\u00e9tro (de mars 2007 et septembre 2008) qui autorisait le pr\u00e9sident D. Migaud de signer le contrat de location du stade des Alpes au GF38 alors club professionnel. La [&hellip;]<\/p>\n","protected":false},"author":1,"featured_media":0,"comment_status":"closed","ping_status":"open","sticky":false,"template":"","format":"standard","meta":{"twitterCardType":"","cardImageID":0,"cardImage":"","cardTitle":"","cardDesc":"","cardImageAlt":"","cardPlayer":"","cardPlayerWidth":0,"cardPlayerHeight":0,"cardPlayerStream":"","cardPlayerCodec":"","footnotes":""},"categories":[11],"tags":[32,233],"class_list":["post-6805","post","type-post","status-publish","format-standard","hentry","category-politique-locale","tag-metro","tag-stade"],"_links":{"self":[{"href":"https:\/\/www.ades-grenoble.org\/wordpress\/wp-json\/wp\/v2\/posts\/6805","targetHints":{"allow":["GET"]}}],"collection":[{"href":"https:\/\/www.ades-grenoble.org\/wordpress\/wp-json\/wp\/v2\/posts"}],"about":[{"href":"https:\/\/www.ades-grenoble.org\/wordpress\/wp-json\/wp\/v2\/types\/post"}],"author":[{"embeddable":true,"href":"https:\/\/www.ades-grenoble.org\/wordpress\/wp-json\/wp\/v2\/users\/1"}],"replies":[{"embeddable":true,"href":"https:\/\/www.ades-grenoble.org\/wordpress\/wp-json\/wp\/v2\/comments?post=6805"}],"version-history":[{"count":2,"href":"https:\/\/www.ades-grenoble.org\/wordpress\/wp-json\/wp\/v2\/posts\/6805\/revisions"}],"predecessor-version":[{"id":6807,"href":"https:\/\/www.ades-grenoble.org\/wordpress\/wp-json\/wp\/v2\/posts\/6805\/revisions\/6807"}],"wp:attachment":[{"href":"https:\/\/www.ades-grenoble.org\/wordpress\/wp-json\/wp\/v2\/media?parent=6805"}],"wp:term":[{"taxonomy":"category","embeddable":true,"href":"https:\/\/www.ades-grenoble.org\/wordpress\/wp-json\/wp\/v2\/categories?post=6805"},{"taxonomy":"post_tag","embeddable":true,"href":"https:\/\/www.ades-grenoble.org\/wordpress\/wp-json\/wp\/v2\/tags?post=6805"}],"curies":[{"name":"wp","href":"https:\/\/api.w.org\/{rel}","templated":true}]}}