{"id":6828,"date":"2013-03-16T13:00:39","date_gmt":"2013-03-16T11:00:39","guid":{"rendered":"http:\/\/www.ades-grenoble.org\/wordpress\/?p=6828"},"modified":"2013-03-16T13:00:39","modified_gmt":"2013-03-16T11:00:39","slug":"zsp-quest-ce-que-cest","status":"publish","type":"post","link":"https:\/\/www.ades-grenoble.org\/wordpress\/2013\/03\/16\/zsp-quest-ce-que-cest\/","title":{"rendered":"ZSP\u2026 Qu\u2019est ce que c\u2019est ?"},"content":{"rendered":"<p><img loading=\"lazy\" decoding=\"async\" class=\"alignleft size-full wp-image-6830\" style=\"margin: 5px;\" alt=\"CRSaMC2\" src=\"http:\/\/www.ades-grenoble.org\/wordpress\/wp-content\/uploads\/2013\/03\/CRSaMC2.jpg\" width=\"300\" height=\"200\" srcset=\"https:\/\/www.ades-grenoble.org\/wordpress\/wp-content\/uploads\/2013\/03\/CRSaMC2.jpg 300w, https:\/\/www.ades-grenoble.org\/wordpress\/wp-content\/uploads\/2013\/03\/CRSaMC2-150x100.jpg 150w\" sizes=\"auto, (max-width: 300px) 100vw, 300px\" \/>\u00c7a y est, la ZSP (Zone de S\u00e9curit\u00e9 Prioritaire) est mise en place dans certains quartiers de Grenoble (Teisseire, Villeneuve, Mistral) et d\u2019Echirolles (Villeneuve). On ne peut qu\u2019esp\u00e9rer sa pleine r\u00e9ussite car la d\u00e9gradation de la s\u00e9curit\u00e9 des personnes (et des biens) dans certains secteurs devient insupportable pour de nombreux habitants. Est-ce que la ZSP va r\u00e9gler les probl\u00e8mes\u00a0?<\/p>\n<p>La circulaire du ministre de l\u2019int\u00e9rieur du 30 juillet 2012\u00a0aux pr\u00e9fets pr\u00e9cise ce que veut le gouvernement avec ce dispositif.<\/p>\n<p style=\"padding-left: 30px;\">\u00ab\u00a0Il s\u2019agit de r\u00e9pondre, au plus pr\u00e8s, aux pr\u00e9occupations de nos concitoyens, souvent parmi les plus d\u00e9munis, confront\u00e9s dans de quartiers urbains ou dans des territoires ruraux \u00e0 la d\u00e9linquance, \u00e0 la violence et aux trafics de toutes sortes qui sapent les fondements m\u00eame de notre soci\u00e9t\u00e9 et mettent en p\u00e9ril le lien social.<\/p>\n<p style=\"padding-left: 30px;\">Les r\u00e9ponses qu\u2019ils attendent de l\u2019Etat se situent au-del\u00e0 d\u2019interventions coups de poing ou d\u2019initiatives spectaculaires. Si une op\u00e9ration polici\u00e8re r\u00e9active ou d\u2019envergure se justifie face \u00e0 un \u00e9v\u00e8nement grave ayant troubl\u00e9 l\u2019ordre public, la seule succession de tels modes d\u2019intervention sans strat\u00e9gie se r\u00e9v\u00e8le finalement improductive dans la dur\u00e9e&#8230;\u00a0\u00bb<\/p>\n<p>On sent pointer un d\u00e9sir de retrouver une certaine police de proximit\u00e9 mais les moyens manquent\u00a0!<\/p>\n<p><!--more--><\/p>\n<p style=\"padding-left: 30px;\">\u00ab\u00a0Cette approche renforc\u00e9e doit privil\u00e9gier des secteurs g\u00e9ographiques pr\u00e9cis, des th\u00e9matiques lourdes et concerner des publics identifi\u00e9s. C\u2019est dans ce cadre que seront mises en place\u2026 les zones de s\u00e9curit\u00e9 prioritaires (ZSP).<\/p>\n<p style=\"padding-left: 30px;\">\u00ab\u00a0Pour \u00e9viter une dispersion des ressources, ces actions devront \u00eatre concentr\u00e9es sur un nombre restreint d\u2019objectifs, clairement identifi\u00e9s\u2026 l\u2019\u00e9conomie souterraine, les trafics de stup\u00e9fiants et d\u2019armes, les violences acquisitives, les cambriolages, les regroupements dans les parties communes d\u2019immeubles d\u2019habitation, les nuisances de voie publique et autres incivilit\u00e9s.\u00a0\u00bb<\/p>\n<p>A Grenoble, 3 instances de pilotage ont \u00e9t\u00e9 cr\u00e9\u00e9es : une cellule op\u00e9rationnelle des forces de s\u00e9curit\u00e9 int\u00e9rieure, une cellule territorialis\u00e9e de lutte contre la fraude et une cellule op\u00e9rationnelle des partenariats.<\/p>\n<p>Il est positif que le gouvernement suscite une v\u00e9ritable articulation entre les diff\u00e9rents services de s\u00e9curit\u00e9 et de justice ce qui n\u2019\u00e9tait pas le cas jusqu\u2019\u00e0 pr\u00e9sent. La recherche du partenariat avec les collectivit\u00e9s locales est une n\u00e9cessit\u00e9 \u00e9vidente, \u00e0 condition que les collectivit\u00e9s aient la volont\u00e9 politique de prendre les probl\u00e8mes \u00e0 bras le corps contrairement \u00e0 ce qui existe aujourd\u2019hui.<\/p>\n<p>L\u2019analyse que fait le ministre du fonctionnement des conseils locaux de s\u00e9curit\u00e9 et de pr\u00e9vention de la d\u00e9linquance (CLSPD) est pertinente\u00a0:<\/p>\n<p style=\"padding-left: 30px;\">\u00ab\u00a0M\u00eame s\u2019ils ont permis dans certaines collectivit\u00e9s la constitution de groupes de travail particuli\u00e8rement dynamiques et cr\u00e9atifs, les CLSPD restent trop souvent un lieu d\u2019\u00e9change sans r\u00e9elle capacit\u00e9 d\u00e9cisionnelle\u2026\u00a0\u00bb.<\/p>\n<p>Rappelons que le CLSPD doit \u00eatre anim\u00e9 par le maire, il est important qu\u2019il soit personnellement investi dans cette instance qui regroupe toutes les institutions et associations intervenant sur ces questions. Ce n\u2019est malheureusement pas le cas \u00e0 Grenoble o\u00f9 cette t\u00e2che a \u00e9t\u00e9 confi\u00e9e \u00e0 un adjoint qui n\u2019a pas le m\u00eame poids politique.<\/p>\n<p>La cellule de coordination op\u00e9rationnelle du partenariat ne sera pas le CLSPD (ou au niveau intercommunal le CISPD), elle pourra \u00eatre cr\u00e9\u00e9e dans le cadre d\u2019un groupe de travail d\u00e9di\u00e9 \u00e9manant du CLSPD dans une dimension restreinte afin d\u2019en conserver le caract\u00e8re op\u00e9rationnel.<\/p>\n<p>Pour que cette ZSP remplisse effectivement son r\u00f4le il faut qu\u2019elle soit dot\u00e9e de r\u00e9els moyens. Mais elle ne pourra apporter de r\u00e9ponses efficaces que si la Ville engage une politique publique d\u2019ensemble qui d\u00e9passe largement cette simple initiative. Nous y reviendrons prochainement.<\/p>\n","protected":false},"excerpt":{"rendered":"<p>\u00c7a y est, la ZSP (Zone de S\u00e9curit\u00e9 Prioritaire) est mise en place dans certains quartiers de Grenoble (Teisseire, Villeneuve, Mistral) et d\u2019Echirolles (Villeneuve). On ne peut qu\u2019esp\u00e9rer sa pleine r\u00e9ussite car la d\u00e9gradation de la s\u00e9curit\u00e9 des personnes (et des biens) dans certains secteurs devient insupportable pour de nombreux habitants. Est-ce que la ZSP [&hellip;]<\/p>\n","protected":false},"author":1,"featured_media":0,"comment_status":"closed","ping_status":"open","sticky":false,"template":"","format":"standard","meta":{"twitterCardType":"","cardImageID":0,"cardImage":"","cardTitle":"","cardDesc":"","cardImageAlt":"","cardPlayer":"","cardPlayerWidth":0,"cardPlayerHeight":0,"cardPlayerStream":"","cardPlayerCodec":"","footnotes":""},"categories":[11],"tags":[76],"class_list":["post-6828","post","type-post","status-publish","format-standard","hentry","category-politique-locale","tag-securite"],"_links":{"self":[{"href":"https:\/\/www.ades-grenoble.org\/wordpress\/wp-json\/wp\/v2\/posts\/6828","targetHints":{"allow":["GET"]}}],"collection":[{"href":"https:\/\/www.ades-grenoble.org\/wordpress\/wp-json\/wp\/v2\/posts"}],"about":[{"href":"https:\/\/www.ades-grenoble.org\/wordpress\/wp-json\/wp\/v2\/types\/post"}],"author":[{"embeddable":true,"href":"https:\/\/www.ades-grenoble.org\/wordpress\/wp-json\/wp\/v2\/users\/1"}],"replies":[{"embeddable":true,"href":"https:\/\/www.ades-grenoble.org\/wordpress\/wp-json\/wp\/v2\/comments?post=6828"}],"version-history":[{"count":2,"href":"https:\/\/www.ades-grenoble.org\/wordpress\/wp-json\/wp\/v2\/posts\/6828\/revisions"}],"predecessor-version":[{"id":6831,"href":"https:\/\/www.ades-grenoble.org\/wordpress\/wp-json\/wp\/v2\/posts\/6828\/revisions\/6831"}],"wp:attachment":[{"href":"https:\/\/www.ades-grenoble.org\/wordpress\/wp-json\/wp\/v2\/media?parent=6828"}],"wp:term":[{"taxonomy":"category","embeddable":true,"href":"https:\/\/www.ades-grenoble.org\/wordpress\/wp-json\/wp\/v2\/categories?post=6828"},{"taxonomy":"post_tag","embeddable":true,"href":"https:\/\/www.ades-grenoble.org\/wordpress\/wp-json\/wp\/v2\/tags?post=6828"}],"curies":[{"name":"wp","href":"https:\/\/api.w.org\/{rel}","templated":true}]}}