{"id":6923,"date":"2013-04-02T19:39:07","date_gmt":"2013-04-02T17:39:07","guid":{"rendered":"http:\/\/www.ades-grenoble.org\/wordpress\/?p=6923"},"modified":"2013-04-05T21:32:16","modified_gmt":"2013-04-05T19:32:16","slug":"zsp-ou-prevention-agir-sur-le-long-terme","status":"publish","type":"post","link":"https:\/\/www.ades-grenoble.org\/wordpress\/2013\/04\/02\/zsp-ou-prevention-agir-sur-le-long-terme\/","title":{"rendered":"ZSP ou pr\u00e9vention ? Agir sur le long terme !"},"content":{"rendered":"<p><em>Communiqu\u00e9 du 2 avril 2013<\/em><\/p>\n<p>A peine l\u2019Etat a-t-il annonc\u00e9 la mise en place des ZSP qu\u2019\u00e9clate au grand jour (Le Dauphin\u00e9 Lib\u00e9r\u00e9 du 2 avril 2013) la situation pr\u00e9occupante de quartiers justement concern\u00e9s par ce nouveau dispositif. Personne n\u2019est dupe, et il est de notori\u00e9t\u00e9 publique que l\u00e0 o\u00f9 le nombre de ch\u00f4meurs est le plus \u00e9lev\u00e9 et o\u00f9 la mis\u00e8re prosp\u00e8re, certains secteurs de la ville sont devenus au fil des ans et en toute impunit\u00e9 des zones de non droit. Ceci est confirm\u00e9 par la Pr\u00e9sidente d\u2019ACTIS. Mis en coupe r\u00e9gl\u00e9e par des dealers \u00e0 l\u2019organisation tr\u00e8s sophistiqu\u00e9e, ces quartiers et leurs habitants vivent nuit et jour sous un r\u00e9gime de terreur inacceptable en d\u00e9mocratie.<\/p>\n<p><!--more-->Il est grand temps de lib\u00e9rer ces secteurs, de permettre aux habitants de circuler en toute s\u00e9curit\u00e9 et aux personnels des bailleurs sociaux d\u2019exercer leur travail : il est grand temps que le maire exerce enfin ses pouvoirs de police tels que pr\u00e9cis\u00e9s dans la loi, \u00e0 savoir la r\u00e9pression des troubles de voisinage \u00ab dans les communes o\u00f9 le r\u00e9gime de la police d\u2019Etat est institu\u00e9e, les forces de police \u00e9tatis\u00e9es sont charg\u00e9es, notamment, d\u2019ex\u00e9cuter les arr\u00eat\u00e9s de police du maire\u00bb. Le maire et le pr\u00e9fet, dans leurs comp\u00e9tences respectives, ont de plus l\u2019obligation de r\u00e9sultat.<\/p>\n<p>Sur le long terme, c\u2019est par la pr\u00e9vention aupr\u00e8s des plus jeunes et l\u2019insertion par l\u2019emploi pour les plus \u00e2g\u00e9s, que ces situations pourront \u00eatre \u00e9radiqu\u00e9es. Pour mettre fin ou en tout cas r\u00e9duire progressivement l\u2019\u00e9conomie parall\u00e8le mais aussi le blanchiment d\u2019argent des stup\u00e9fiants dans des activit\u00e9s ordinaires, la l\u00e9galisation (au m\u00eame titre que l\u2019alcool et le tabac) semble la solution la plus adapt\u00e9e.<\/p>\n<p>Jean Marc CANTELE<br \/>\nPr\u00e9sident de l\u2019ADES<\/p>\n","protected":false},"excerpt":{"rendered":"<p>Communiqu\u00e9 du 2 avril 2013 A peine l\u2019Etat a-t-il annonc\u00e9 la mise en place des ZSP qu\u2019\u00e9clate au grand jour (Le Dauphin\u00e9 Lib\u00e9r\u00e9 du 2 avril 2013) la situation pr\u00e9occupante de quartiers justement concern\u00e9s par ce nouveau dispositif. Personne n\u2019est dupe, et il est de notori\u00e9t\u00e9 publique que l\u00e0 o\u00f9 le nombre de ch\u00f4meurs est [&hellip;]<\/p>\n","protected":false},"author":1,"featured_media":0,"comment_status":"closed","ping_status":"open","sticky":false,"template":"","format":"standard","meta":{"twitterCardType":"","cardImageID":0,"cardImage":"","cardTitle":"","cardDesc":"","cardImageAlt":"","cardPlayer":"","cardPlayerWidth":0,"cardPlayerHeight":0,"cardPlayerStream":"","cardPlayerCodec":"","footnotes":""},"categories":[11],"tags":[3,76],"class_list":["post-6923","post","type-post","status-publish","format-standard","hentry","category-politique-locale","tag-communiques","tag-securite"],"_links":{"self":[{"href":"https:\/\/www.ades-grenoble.org\/wordpress\/wp-json\/wp\/v2\/posts\/6923","targetHints":{"allow":["GET"]}}],"collection":[{"href":"https:\/\/www.ades-grenoble.org\/wordpress\/wp-json\/wp\/v2\/posts"}],"about":[{"href":"https:\/\/www.ades-grenoble.org\/wordpress\/wp-json\/wp\/v2\/types\/post"}],"author":[{"embeddable":true,"href":"https:\/\/www.ades-grenoble.org\/wordpress\/wp-json\/wp\/v2\/users\/1"}],"replies":[{"embeddable":true,"href":"https:\/\/www.ades-grenoble.org\/wordpress\/wp-json\/wp\/v2\/comments?post=6923"}],"version-history":[{"count":4,"href":"https:\/\/www.ades-grenoble.org\/wordpress\/wp-json\/wp\/v2\/posts\/6923\/revisions"}],"predecessor-version":[{"id":6947,"href":"https:\/\/www.ades-grenoble.org\/wordpress\/wp-json\/wp\/v2\/posts\/6923\/revisions\/6947"}],"wp:attachment":[{"href":"https:\/\/www.ades-grenoble.org\/wordpress\/wp-json\/wp\/v2\/media?parent=6923"}],"wp:term":[{"taxonomy":"category","embeddable":true,"href":"https:\/\/www.ades-grenoble.org\/wordpress\/wp-json\/wp\/v2\/categories?post=6923"},{"taxonomy":"post_tag","embeddable":true,"href":"https:\/\/www.ades-grenoble.org\/wordpress\/wp-json\/wp\/v2\/tags?post=6923"}],"curies":[{"name":"wp","href":"https:\/\/api.w.org\/{rel}","templated":true}]}}