{"id":6975,"date":"2013-04-12T21:30:49","date_gmt":"2013-04-12T19:30:49","guid":{"rendered":"http:\/\/www.ades-grenoble.org\/wordpress\/?p=6975"},"modified":"2013-04-12T21:30:49","modified_gmt":"2013-04-12T19:30:49","slug":"ecole-des-buttes-fin-de-partition","status":"publish","type":"post","link":"https:\/\/www.ades-grenoble.org\/wordpress\/2013\/04\/12\/ecole-des-buttes-fin-de-partition\/","title":{"rendered":"Ecole des Buttes : fin de partition"},"content":{"rendered":"<p>Depuis pr\u00e8s d\u2019un an, imm\u00e9diatement apr\u00e8s le sinistre qui a ravag\u00e9 une partie de l\u2019\u00e9cole des Buttes, les parents n\u2019ont cess\u00e9 de lutter et de d\u00e9penser beaucoup d\u2019\u00e9nergie pour \u00e9viter le pire. Courriers d\u2019interpellations des \u00e9lus, demandes de rencontres, r\u00e9unions, p\u00e9titions\u2026 jusqu\u2019\u00e0 cette manifestation avec les enfants en mairie lors du conseil municipal de mars. Pugnaces, tenaces, ils r\u00e9clamaient depuis des mois l\u2019installation de b\u00e2timents pr\u00e9fabriqu\u00e9s afin que d\u00e8s la rentr\u00e9e 2013, l\u2019ensemble des \u00e9l\u00e8ves aujourd\u2019hui dispers\u00e9s puissent se retrouver sur le site de leur \u00e9cole. Une demande rejet\u00e9e par la ville d\u2019abord pour des questions financi\u00e8res. Une justification inacceptable quand les parents ont compar\u00e9 le prix d\u2019un pr\u00e9fabriqu\u00e9 \u00e9valu\u00e9 entre 30\u00a0000 \u20ac et 40\u00a0000 \u20ac aux 250\u00a0000 \u20ac d\u00e9pens\u00e9s par la ville dans l\u2019op\u00e9ration de communication \u00ab\u00a0Grenoble Factory\u00a0\u00bb. Apr\u00e8s une rencontre avec J\u00e9r\u00f4me Safar pour qui, tout compte fait, cela n\u2019\u00e9tait pas une question de moyens financiers, ils viennent d\u2019obtenir satisfaction. Un pr\u00e9fabriqu\u00e9 prendra donc place dans la cour de l\u2019\u00e9cole des Buttes d\u00e8s la rentr\u00e9 2013.<\/p>\n<p><!--more-->Une excellente nouvelle si l\u2019on se souvient que d\u00e9but f\u00e9vrier l\u2019adjoint \u00e0 l\u2019\u00e9ducation, d\u00e9clarait, p\u00e9remptoire, \u00e0 propos de l\u2019hypoth\u00e8se des pr\u00e9fabriqu\u00e9s\u00a0:\u00a0\u00ab\u00a0Juridiquement, il est trop tard pour installer des pr\u00e9fabriqu\u00e9s. Cela veut dire que quoi qu\u2019il arrive, en l\u2019\u00e9tat, l\u2019\u00e9cole ne peut pas accueillir tous les enfants, c\u2019est impossible\u2026\u00a0\u00bb Ce qui \u00e9tait juridiquement impossible (mais o\u00f9 est-il all\u00e9 chercher cela\u00a0?) en f\u00e9vrier 2013 aux yeux de l\u2019adjoint \u00e0 l\u2019\u00e9ducation est miraculeusement devenu possible un mois plus tard pour le premier adjoint. A croire qu\u2019ils ne jouent pas dans le m\u00eame orchestre, pas la m\u00eame partition, ou qu\u2019en tout cas ils jouent faux au point d\u2019\u00e9corcher les oreilles de leurs auditeurs. Le plus important, c\u2019est qu\u2019apr\u00e8s cette lamentable cacophonie, enfants, parents et enseignants, retrouvent enfin dans des conditions acceptables ce qu\u2019ils avaient perdu voil\u00e0 bient\u00f4t un an.<\/p>\n","protected":false},"excerpt":{"rendered":"<p>Depuis pr\u00e8s d\u2019un an, imm\u00e9diatement apr\u00e8s le sinistre qui a ravag\u00e9 une partie de l\u2019\u00e9cole des Buttes, les parents n\u2019ont cess\u00e9 de lutter et de d\u00e9penser beaucoup d\u2019\u00e9nergie pour \u00e9viter le pire. Courriers d\u2019interpellations des \u00e9lus, demandes de rencontres, r\u00e9unions, p\u00e9titions\u2026 jusqu\u2019\u00e0 cette manifestation avec les enfants en mairie lors du conseil municipal de mars. [&hellip;]<\/p>\n","protected":false},"author":1,"featured_media":0,"comment_status":"closed","ping_status":"open","sticky":false,"template":"","format":"standard","meta":{"twitterCardType":"","cardImageID":0,"cardImage":"","cardTitle":"","cardDesc":"","cardImageAlt":"","cardPlayer":"","cardPlayerWidth":0,"cardPlayerHeight":0,"cardPlayerStream":"","cardPlayerCodec":"","footnotes":""},"categories":[11],"tags":[40],"class_list":["post-6975","post","type-post","status-publish","format-standard","hentry","category-politique-locale","tag-education"],"_links":{"self":[{"href":"https:\/\/www.ades-grenoble.org\/wordpress\/wp-json\/wp\/v2\/posts\/6975","targetHints":{"allow":["GET"]}}],"collection":[{"href":"https:\/\/www.ades-grenoble.org\/wordpress\/wp-json\/wp\/v2\/posts"}],"about":[{"href":"https:\/\/www.ades-grenoble.org\/wordpress\/wp-json\/wp\/v2\/types\/post"}],"author":[{"embeddable":true,"href":"https:\/\/www.ades-grenoble.org\/wordpress\/wp-json\/wp\/v2\/users\/1"}],"replies":[{"embeddable":true,"href":"https:\/\/www.ades-grenoble.org\/wordpress\/wp-json\/wp\/v2\/comments?post=6975"}],"version-history":[{"count":2,"href":"https:\/\/www.ades-grenoble.org\/wordpress\/wp-json\/wp\/v2\/posts\/6975\/revisions"}],"predecessor-version":[{"id":6977,"href":"https:\/\/www.ades-grenoble.org\/wordpress\/wp-json\/wp\/v2\/posts\/6975\/revisions\/6977"}],"wp:attachment":[{"href":"https:\/\/www.ades-grenoble.org\/wordpress\/wp-json\/wp\/v2\/media?parent=6975"}],"wp:term":[{"taxonomy":"category","embeddable":true,"href":"https:\/\/www.ades-grenoble.org\/wordpress\/wp-json\/wp\/v2\/categories?post=6975"},{"taxonomy":"post_tag","embeddable":true,"href":"https:\/\/www.ades-grenoble.org\/wordpress\/wp-json\/wp\/v2\/tags?post=6975"}],"curies":[{"name":"wp","href":"https:\/\/api.w.org\/{rel}","templated":true}]}}