{"id":7022,"date":"2013-05-13T17:09:08","date_gmt":"2013-05-13T15:09:08","guid":{"rendered":"http:\/\/www.ades-grenoble.org\/wordpress\/?p=7022"},"modified":"2013-05-13T17:09:08","modified_gmt":"2013-05-13T15:09:08","slug":"incivilites-ras-le-bol-que-fait-le-maire","status":"publish","type":"post","link":"https:\/\/www.ades-grenoble.org\/wordpress\/2013\/05\/13\/incivilites-ras-le-bol-que-fait-le-maire\/","title":{"rendered":"Incivilit\u00e9s, ras le bol ! Que fait le maire ?"},"content":{"rendered":"<p>Le Conseil d\u2019administration de l\u2019Union de Quartier Villeneuve 1 d\u00e9nonce dans son journal \u00ab\u00a0Traits d\u2019Union\u00a0\u00bb l\u2019acc\u00e9l\u00e9ration des incivilit\u00e9s dans le quartier de l\u2019Arlequin et particuli\u00e8rement dans certains halls d\u2019entr\u00e9e et certaines coursives. Des habitants t\u00e9moignent de l\u2019ins\u00e9curit\u00e9 qu\u2019ils vivent au quotidien, de leur fatigue, du stress, de leur ras le bol\u2026 Tout ce qui pousse certains \u00e0 essayer de vendre leur appartement m\u00eame \u00e0 des prix d\u00e9risoires pour fuir ces incivilit\u00e9s quasi permanentes. La plupart se sentent abandonn\u00e9s devant l\u2019incapacit\u00e9 de la puissance publique \u00e0 agir, comme en t\u00e9moignent des habitants du Village Olympique, de Teisseire et de Mistral.<\/p>\n<p>S\u00e9bastian Roch\u00e9, sociologue, directeur de recherches au CNRS, sp\u00e9cialiste des questions de s\u00e9curit\u00e9 et de d\u00e9linquance explique (<a href=\"http:\/\/sebastianroche.blog.fr\/\" target=\"_blank\">voir sur son blog<\/a>)\u00a0: \u00ab\u00a0Grenoble, comme la plupart des grandes villes de France confront\u00e9es \u00e0 ces ph\u00e9nom\u00e8nes, n\u2019arrive pas \u00e0 produire les outils d\u2019analyse globale qui pourraient lui permettre d\u2019apporter des solutions sur le long terme. C\u2019est comme si vous priviez un m\u00e9decin de son mat\u00e9riel. Sans ses outils, il ne peut pas poser de diagnostic et encore moins prescrire un rem\u00e8de efficace. C\u2019est le probl\u00e8me r\u00e9current du syst\u00e8me administratif fran\u00e7ais. La responsabilit\u00e9 est avant tout politique, selon moi. Le constat de cette situation est pos\u00e9 depuis des ann\u00e9es et rien ne change. C\u2019est stup\u00e9fiant !\u00a0\u00bb<\/p>\n<p><!--more-->A propos de la ZSP (Zone de S\u00e9curit\u00e9 Prioritaire)\u00a0: \u00ab\u00a0c\u2019est un d\u00e9coupage g\u00e9ographique prioritaire comme il y en a d\u00e9j\u00e0 eu des tas en France. C\u2019est le m\u00eame mod\u00e8le depuis 30 ans ! Or, tant qu\u2019il n\u2019y aura pas d\u2019int\u00e9gration entre l\u2019\u00c9tat \u2013 c\u2019est\u00ad \u00e0\u00ad dire le pr\u00e9fet \u2013 qui g\u00e8re l\u2019action de la Police nationale et de la Gendarmerie ; les \u00e9lus locaux qui ont le pouvoir sur leurs communes en mati\u00e8re de pr\u00e9vention (qui d\u00e9cident donc des missions de leur police municipale, de l\u2019installation de vid\u00e9osurveillance, etc.) et le Conseil g\u00e9n\u00e9ral qui s\u2019occupe de l\u2019essentiel de l\u2019action sociale, on sera bloqu\u00e9 ! Il faut r\u00e9former les institutions. Et en mati\u00e8re de pr\u00e9vention, \u00e7a n\u2019a jamais \u00e9t\u00e9 fait!\u00bb<\/p>\n<p>A propos du conseil local de s\u00e9curit\u00e9 et de pr\u00e9vention de la d\u00e9linquance (CLSPD) dont le pr\u00e9sident est le maire, S\u00e9bastian Roch\u00e9 d\u00e9clare\u00a0:<\/p>\n<p>\u00ab\u00a0Le CLSPD est le mariage d\u2019administrations centralis\u00e9es et localis\u00e9es qui r\u00e9pondent \u00e0 des cha\u00eenes hi\u00e9rarchiques \u00e9tanches et \u00e0 des logiques tout aussi \u00e9tanches. Il n\u2019y a pas de v\u00e9ritable autorit\u00e9 qui le pilote et peut mettre en action une r\u00e9ponse globale des probl\u00e8mes au niveau local. Il faut un \u00ab chef \u00bb (fut-il \u00e0 deux t\u00eates) avec une autorit\u00e9 hi\u00e9rarchique sur les services concern\u00e9s dans la nouvelle structure. Il prendrait des d\u00e9cisions qui s&rsquo;imposeraient aux forces de polices comme aux autres services. Au niveau local, il faut aussi des repr\u00e9sentants des forces de la soci\u00e9t\u00e9 civile (associations locales, usagers) mais en leur donnant un r\u00e9el pouvoir de d\u00e9cision, \u00e0 c\u00f4t\u00e9 des repr\u00e9sentants de la police, justice, \u00e9lus qui sont d\u00e9j\u00e0 l\u00e0. La nouveaut\u00e9 serait le poids des usagers et l&rsquo;obligation de prendre en compte leurs demandes dans les priorit\u00e9s polici\u00e8res.\u00a0\u00bb<\/p>\n<p>La loi donne au maire la comp\u00e9tence d\u2019animer ce comit\u00e9, il devrait donc \u00eatre en premi\u00e8re ligne pour faire \u00e9voluer cette institution.<\/p>\n","protected":false},"excerpt":{"rendered":"<p>Le Conseil d\u2019administration de l\u2019Union de Quartier Villeneuve 1 d\u00e9nonce dans son journal \u00ab\u00a0Traits d\u2019Union\u00a0\u00bb l\u2019acc\u00e9l\u00e9ration des incivilit\u00e9s dans le quartier de l\u2019Arlequin et particuli\u00e8rement dans certains halls d\u2019entr\u00e9e et certaines coursives. Des habitants t\u00e9moignent de l\u2019ins\u00e9curit\u00e9 qu\u2019ils vivent au quotidien, de leur fatigue, du stress, de leur ras le bol\u2026 Tout ce qui pousse [&hellip;]<\/p>\n","protected":false},"author":1,"featured_media":0,"comment_status":"closed","ping_status":"open","sticky":false,"template":"","format":"standard","meta":{"twitterCardType":"","cardImageID":0,"cardImage":"","cardTitle":"","cardDesc":"","cardImageAlt":"","cardPlayer":"","cardPlayerWidth":0,"cardPlayerHeight":0,"cardPlayerStream":"","cardPlayerCodec":"","footnotes":""},"categories":[11],"tags":[76,82],"class_list":["post-7022","post","type-post","status-publish","format-standard","hentry","category-politique-locale","tag-securite","tag-villeneuve"],"_links":{"self":[{"href":"https:\/\/www.ades-grenoble.org\/wordpress\/wp-json\/wp\/v2\/posts\/7022","targetHints":{"allow":["GET"]}}],"collection":[{"href":"https:\/\/www.ades-grenoble.org\/wordpress\/wp-json\/wp\/v2\/posts"}],"about":[{"href":"https:\/\/www.ades-grenoble.org\/wordpress\/wp-json\/wp\/v2\/types\/post"}],"author":[{"embeddable":true,"href":"https:\/\/www.ades-grenoble.org\/wordpress\/wp-json\/wp\/v2\/users\/1"}],"replies":[{"embeddable":true,"href":"https:\/\/www.ades-grenoble.org\/wordpress\/wp-json\/wp\/v2\/comments?post=7022"}],"version-history":[{"count":3,"href":"https:\/\/www.ades-grenoble.org\/wordpress\/wp-json\/wp\/v2\/posts\/7022\/revisions"}],"predecessor-version":[{"id":7025,"href":"https:\/\/www.ades-grenoble.org\/wordpress\/wp-json\/wp\/v2\/posts\/7022\/revisions\/7025"}],"wp:attachment":[{"href":"https:\/\/www.ades-grenoble.org\/wordpress\/wp-json\/wp\/v2\/media?parent=7022"}],"wp:term":[{"taxonomy":"category","embeddable":true,"href":"https:\/\/www.ades-grenoble.org\/wordpress\/wp-json\/wp\/v2\/categories?post=7022"},{"taxonomy":"post_tag","embeddable":true,"href":"https:\/\/www.ades-grenoble.org\/wordpress\/wp-json\/wp\/v2\/tags?post=7022"}],"curies":[{"name":"wp","href":"https:\/\/api.w.org\/{rel}","templated":true}]}}