{"id":7026,"date":"2013-05-13T17:11:52","date_gmt":"2013-05-13T15:11:52","guid":{"rendered":"http:\/\/www.ades-grenoble.org\/wordpress\/?p=7026"},"modified":"2013-05-13T20:17:30","modified_gmt":"2013-05-13T18:17:30","slug":"de-longevialle-solidaire-ou-le-melange-des-genres","status":"publish","type":"post","link":"https:\/\/www.ades-grenoble.org\/wordpress\/2013\/05\/13\/de-longevialle-solidaire-ou-le-melange-des-genres\/","title":{"rendered":"De  Longevialle \u00ab\u00a0solidaire\u00a0\u00bb, ou le m\u00e9lange des genres"},"content":{"rendered":"<p>Il fait vraiment le maximum, tout son possible, Ph Falcon de Longevialle, pour \u00eatre \u00e0 la hauteur et m\u00e9riter la fonction que l&rsquo;ADES lui a attribu\u00e9e en d\u00e9but de mandat :\u00a0 \u00ab\u00a0l\u2019adjoint \u00e0 l\u2019immobilier\u00a0\u00bb, non content d\u2019avoir accumul\u00e9 de nombreux exploits depuis 2008, (le dernier en date \u00e9tant l\u2019h\u00f4tel 4 \u00e9toiles en train de sortir de terre dans le parc Hoche) d\u00e9montre une fois de plus qu\u2019il ne craint pas le m\u00e9lange des genres. Dans une publication gratuite cons\u00e9quente de 130 pages qui collecte les annonces immobili\u00e8res, ventes et promotions, de pr\u00e8s d\u2019une centaine d\u2019agences immobili\u00e8res de Grenoble, Gr\u00e9sivaudan et pays Voironnais, Ph de Longevialle donne de sa personne, photo \u00e0 l\u2019appui.<\/p>\n<p><!--more-->L\u00e0, on le sent dans son \u00e9l\u00e9ment, mais curieusement, il n\u2019est plus pr\u00e9sent\u00e9 comme adjoint ou pr\u00e9sident de la SPLA (Soci\u00e9t\u00e9 Publique Locale d\u2019Am\u00e9nagement) SAGES, mais \u00ab\u00a0conseiller municipal, co-pr\u00e9sident de la commission politique de la ville et r\u00e9novation urbaine\u00a0\u00bb. En voil\u00e0 une information\u00a0! C\u2019est donc \u00e0 ce titre\u00a0? Que dans un publi reportage consacr\u00e9 au boulevard Gambetta \u00e0 Grenoble, il explique en quelques lignes l\u2019importance de la ligne E du tramway en cours de construction. Certains mauvais coucheurs s\u2019\u00e9tonneront de ce que l\u2019on n\u2019ait pas sollicit\u00e9 le pr\u00e9sident du SMTC (Syndicat Mixte des Transports en Commun) pour \u00e9voquer ce sujet. Mais qui d\u2019autre aurait pu venir \u00e0 la rescousse de ses coll\u00e8gues. En tout cas il livre l\u00e0 une information capitale qui contribue grandement \u00e0 l\u2019information de tous. Ou mieux, \u00e0 celle de l\u2019acqu\u00e9reur potentiel d\u2019un logement qui pourrait \u00eatre situ\u00e9 par exemple Bd Gambetta ou alentour\u00a0? Une bonne affaire en quelque sorte sugg\u00e9r\u00e9e par un bon vendeur. D\u00e9cid\u00e9ment on ne se refait pas\u00a0!<\/p>\n","protected":false},"excerpt":{"rendered":"<p>Il fait vraiment le maximum, tout son possible, Ph Falcon de Longevialle, pour \u00eatre \u00e0 la hauteur et m\u00e9riter la fonction que l&rsquo;ADES lui a attribu\u00e9e en d\u00e9but de mandat :\u00a0 \u00ab\u00a0l\u2019adjoint \u00e0 l\u2019immobilier\u00a0\u00bb, non content d\u2019avoir accumul\u00e9 de nombreux exploits depuis 2008, (le dernier en date \u00e9tant l\u2019h\u00f4tel 4 \u00e9toiles en train de sortir [&hellip;]<\/p>\n","protected":false},"author":1,"featured_media":0,"comment_status":"closed","ping_status":"open","sticky":false,"template":"","format":"standard","meta":{"twitterCardType":"","cardImageID":0,"cardImage":"","cardTitle":"","cardDesc":"","cardImageAlt":"","cardPlayer":"","cardPlayerWidth":0,"cardPlayerHeight":0,"cardPlayerStream":"","cardPlayerCodec":"","footnotes":""},"categories":[11],"tags":[100],"class_list":["post-7026","post","type-post","status-publish","format-standard","hentry","category-politique-locale","tag-trame"],"_links":{"self":[{"href":"https:\/\/www.ades-grenoble.org\/wordpress\/wp-json\/wp\/v2\/posts\/7026","targetHints":{"allow":["GET"]}}],"collection":[{"href":"https:\/\/www.ades-grenoble.org\/wordpress\/wp-json\/wp\/v2\/posts"}],"about":[{"href":"https:\/\/www.ades-grenoble.org\/wordpress\/wp-json\/wp\/v2\/types\/post"}],"author":[{"embeddable":true,"href":"https:\/\/www.ades-grenoble.org\/wordpress\/wp-json\/wp\/v2\/users\/1"}],"replies":[{"embeddable":true,"href":"https:\/\/www.ades-grenoble.org\/wordpress\/wp-json\/wp\/v2\/comments?post=7026"}],"version-history":[{"count":8,"href":"https:\/\/www.ades-grenoble.org\/wordpress\/wp-json\/wp\/v2\/posts\/7026\/revisions"}],"predecessor-version":[{"id":7054,"href":"https:\/\/www.ades-grenoble.org\/wordpress\/wp-json\/wp\/v2\/posts\/7026\/revisions\/7054"}],"wp:attachment":[{"href":"https:\/\/www.ades-grenoble.org\/wordpress\/wp-json\/wp\/v2\/media?parent=7026"}],"wp:term":[{"taxonomy":"category","embeddable":true,"href":"https:\/\/www.ades-grenoble.org\/wordpress\/wp-json\/wp\/v2\/categories?post=7026"},{"taxonomy":"post_tag","embeddable":true,"href":"https:\/\/www.ades-grenoble.org\/wordpress\/wp-json\/wp\/v2\/tags?post=7026"}],"curies":[{"name":"wp","href":"https:\/\/api.w.org\/{rel}","templated":true}]}}