{"id":7037,"date":"2013-05-13T17:32:31","date_gmt":"2013-05-13T15:32:31","guid":{"rendered":"http:\/\/www.ades-grenoble.org\/wordpress\/?p=7037"},"modified":"2013-05-13T17:32:31","modified_gmt":"2013-05-13T15:32:31","slug":"politique-politicienne-grenobloise-municipales-2014","status":"publish","type":"post","link":"https:\/\/www.ades-grenoble.org\/wordpress\/2013\/05\/13\/politique-politicienne-grenobloise-municipales-2014\/","title":{"rendered":"Politique politicienne grenobloise : municipales 2014"},"content":{"rendered":"<p>Michel Destot a donc pris sa d\u00e9cision en ce qui concerne les municipales de mars 2014 \u00e0 Grenoble, mais il fait durer le suspens et ne la rendra publique qu\u2019en septembre 2013. Comme nous l\u2019indiquions pr\u00e9c\u00e9demment il pr\u00e9pare une candidature \u00e0 un 4 \u00e8me mandat, c\u2019est ce qui ressort de l\u2019interview donn\u00e9 le 4 mai \u00e0 France 3 Alpes. Au moins reconna\u00eet-il un \u00e9chec de son activit\u00e9 pass\u00e9e\u00a0: \u00ab\u00a0Le regret, c&rsquo;est de ne pas avoir \u00e9t\u00e9 plus efficace, justement, en mati\u00e8re de solidarit\u00e9 pour tous ceux qui souffrent le plus aujourd&rsquo;hui, qui sont dans la situation de pr\u00e9carit\u00e9, de souffrance\u2026\u00a0\u00bb. On pouvait alors s\u2019attendre \u00e0 ce qu\u2019il fixe comme priorit\u00e9 pour l\u2019avenir l\u2019am\u00e9lioration de la vie quotidienne de tous les Grenoblois. Eh\u00a0! bien non\u00a0! il reste fig\u00e9 dans ses choix\u00a0: priorit\u00e9 aux investissements \u00e9trangers et fran\u00e7ais \u00e0 Grenoble, sans autre pr\u00e9cision, c\u2019est un peu court comme vision de l\u2019avenir de la ville.<\/p>\n<p>A droite \u00e7a va bient\u00f4t \u00eatre le trop plein de candidatures \u00e0 Grenoble\u00a0: l\u2019UMP d\u00e9signera sa t\u00eate de liste en octobre 2013. Pendant ce temps G. Dumolard creuse son sillon et le centre droit (UDI de Borloo) d\u00e9signera une \u00e9ventuelle t\u00eate de liste en juin 2013.<\/p>\n","protected":false},"excerpt":{"rendered":"<p>Michel Destot a donc pris sa d\u00e9cision en ce qui concerne les municipales de mars 2014 \u00e0 Grenoble, mais il fait durer le suspens et ne la rendra publique qu\u2019en septembre 2013. Comme nous l\u2019indiquions pr\u00e9c\u00e9demment il pr\u00e9pare une candidature \u00e0 un 4 \u00e8me mandat, c\u2019est ce qui ressort de l\u2019interview donn\u00e9 le 4 mai [&hellip;]<\/p>\n","protected":false},"author":1,"featured_media":0,"comment_status":"closed","ping_status":"open","sticky":false,"template":"","format":"standard","meta":{"twitterCardType":"","cardImageID":0,"cardImage":"","cardTitle":"","cardDesc":"","cardImageAlt":"","cardPlayer":"","cardPlayerWidth":0,"cardPlayerHeight":0,"cardPlayerStream":"","cardPlayerCodec":"","footnotes":""},"categories":[11],"tags":[74,109,115],"class_list":["post-7037","post","type-post","status-publish","format-standard","hentry","category-politique-locale","tag-destot","tag-droite","tag-municipales-2014"],"_links":{"self":[{"href":"https:\/\/www.ades-grenoble.org\/wordpress\/wp-json\/wp\/v2\/posts\/7037","targetHints":{"allow":["GET"]}}],"collection":[{"href":"https:\/\/www.ades-grenoble.org\/wordpress\/wp-json\/wp\/v2\/posts"}],"about":[{"href":"https:\/\/www.ades-grenoble.org\/wordpress\/wp-json\/wp\/v2\/types\/post"}],"author":[{"embeddable":true,"href":"https:\/\/www.ades-grenoble.org\/wordpress\/wp-json\/wp\/v2\/users\/1"}],"replies":[{"embeddable":true,"href":"https:\/\/www.ades-grenoble.org\/wordpress\/wp-json\/wp\/v2\/comments?post=7037"}],"version-history":[{"count":2,"href":"https:\/\/www.ades-grenoble.org\/wordpress\/wp-json\/wp\/v2\/posts\/7037\/revisions"}],"predecessor-version":[{"id":7039,"href":"https:\/\/www.ades-grenoble.org\/wordpress\/wp-json\/wp\/v2\/posts\/7037\/revisions\/7039"}],"wp:attachment":[{"href":"https:\/\/www.ades-grenoble.org\/wordpress\/wp-json\/wp\/v2\/media?parent=7037"}],"wp:term":[{"taxonomy":"category","embeddable":true,"href":"https:\/\/www.ades-grenoble.org\/wordpress\/wp-json\/wp\/v2\/categories?post=7037"},{"taxonomy":"post_tag","embeddable":true,"href":"https:\/\/www.ades-grenoble.org\/wordpress\/wp-json\/wp\/v2\/tags?post=7037"}],"curies":[{"name":"wp","href":"https:\/\/api.w.org\/{rel}","templated":true}]}}