{"id":7077,"date":"2013-05-20T17:31:07","date_gmt":"2013-05-20T15:31:07","guid":{"rendered":"http:\/\/www.ades-grenoble.org\/wordpress\/?p=7077"},"modified":"2013-05-20T17:37:04","modified_gmt":"2013-05-20T15:37:04","slug":"tournant-demagogique-dans-la-politique-de-securite-a-grenoble-attention-aux-vendeurs-dillusions","status":"publish","type":"post","link":"https:\/\/www.ades-grenoble.org\/wordpress\/2013\/05\/20\/tournant-demagogique-dans-la-politique-de-securite-a-grenoble-attention-aux-vendeurs-dillusions\/","title":{"rendered":"Tournant d\u00e9magogique dans la politique de s\u00e9curit\u00e9 \u00e0 Grenoble : attention aux vendeurs d\u2019illusions !"},"content":{"rendered":"<p><img loading=\"lazy\" decoding=\"async\" class=\"alignleft size-thumbnail wp-image-6215\" style=\"margin: 5px;\" alt=\"CameraBoule\" src=\"http:\/\/www.ades-grenoble.org\/wordpress\/wp-content\/uploads\/2012\/10\/CameraBoule-150x100.jpg\" width=\"150\" height=\"100\" srcset=\"https:\/\/www.ades-grenoble.org\/wordpress\/wp-content\/uploads\/2012\/10\/CameraBoule-150x100.jpg 150w, https:\/\/www.ades-grenoble.org\/wordpress\/wp-content\/uploads\/2012\/10\/CameraBoule.jpg 300w\" sizes=\"auto, (max-width: 150px) 100vw, 150px\" \/><\/p>\n<p><em>Communiqu\u00e9 du 17 mai 2013 &#8211; Les mouvements ADES \u2013 <a href=\"http:\/\/grenoble.eelv.fr\/\" target=\"_blank\">EELV Grenoble<\/a> \u2013 Alternatifs et <a href=\"http:\/\/grenoble-ecologie-solidarite.fr\/\" target=\"_blank\">les \u00e9lus du groupe Ecologie &amp; Solidarit\u00e9<\/a><\/em><\/p>\n<p>Le premier adjoint de Grenoble vient d\u2019annoncer dans la presse un armement de la police municipale la nuit et un d\u00e9veloppement important de la vid\u00e9osurveillance. A quelques mois des prochaines \u00e9ch\u00e9ances municipales, peu fi\u00e8re de son bilan, <strong>la majorit\u00e9 c\u00e8derait-elle \u00e0 la panique sur un sujet qui requiert sang-froid et sens des responsabilit\u00e9s ?<\/strong><\/p>\n<p>Oui, dans plusieurs quartiers de la ville <a href=\"http:\/\/www.ades-grenoble.org\/wordpress\/2013\/05\/13\/incivilites-ras-le-bol-que-fait-le-maire\/\">les habitants sont \u00e9puis\u00e9s de subir des incivilit\u00e9s<\/a>, des pressions li\u00e9es aux divers trafics et des agressions physiques. R\u00e9pondre de mani\u00e8re efficace \u00e0 cette d\u00e9gradation exige des r\u00e9ponses d\u2019ensemble et non des mesures id\u00e9ologiques, ponctuelles et d\u00e9magogiques.<\/p>\n<p><strong>Nous pensons que c\u2019est une erreur profonde que d\u2019armer la police municipale la nuit<\/strong>. Cela annonce un engrenage sans fin.<\/p>\n<p><!--more-->In\u00e9luctablement certains voudront un armement la journ\u00e9e aussi. Puis des armes plus lourdes. Et apr\u00e8s ? Paradoxalement, il est dangereux d\u2019armer la police municipale de nuit comme de jour car <strong>elle n\u2019en sera que davantage assimil\u00e9e \u00e0 la police nationale<\/strong> alors que ces deux polices sont tr\u00e8s diff\u00e9rentes et n\u2019ont pas les m\u00eames missions. C\u2019est une tromperie de faire croire que la police municipale pourrait pallier l\u2019insuffisance de la police nationale. La mairie et donc son premier adjoint en charge de la s\u00e9curit\u00e9 doivent exiger que l\u2019Etat assume ses responsabilit\u00e9s (quitte \u00e0 en appeler \u00e0 la justice) et mette en place enfin une police de proximit\u00e9 qui a montr\u00e9 son efficacit\u00e9 dans le pass\u00e9 avant que la droite ne la supprime.<\/p>\n<p><strong>Une des premi\u00e8res exigences c\u2019est le renforcement de la pr\u00e9sence publique<\/strong> dans tous les secteurs de la ville et pas uniquement polici\u00e8re. Pour pr\u00e9venir la d\u00e9linquance, il est de la responsabilit\u00e9 du maire de veiller \u00e0 l\u2019efficacit\u00e9 des r\u00e9ponses collectives : bien meilleure coordination des diff\u00e9rents acteurs (\u00e9cole, police, justice, collectivit\u00e9s et associations), politique de l\u2019emploi volontariste dans les quartiers, accompagnement des familles, pr\u00e9vention en milieu scolaire&#8230; <strong>Bien s\u00fbr cela demande une volont\u00e9 politique et des moyens qui n\u2019existent pas \u00e0 Grenoble.<\/strong> Rappelons que la majorit\u00e9 municipale dans ses promesses \u00e9lectorales en 2008 s\u2019\u00e9tait engag\u00e9e \u00e0 renforcer la pr\u00e9sence des \u00e9ducateurs dans les quartiers, ce qu\u2019elle n\u2019a pas fait.<\/p>\n<p>Le premier adjoint annonce \u00e9galement le d\u00e9veloppement massif de la vid\u00e9osurveillance \u00e0 Grenoble. <strong>Nous attendons toujours, comme il s\u2019y \u00e9tait engag\u00e9, l\u2019\u00e9valuation des installations existantes.<\/strong> Nous nous \u00e9tions d\u00e9j\u00e0 oppos\u00e9s au d\u00e9veloppement en d\u00e9but de mandat de ce gadget s\u00e9curitaire sur l\u2019espace public car toutes les \u00e9tudes montrent qu\u2019il n\u2019a jamais pr\u00e9venu d\u2019\u00e9ventuelles agressions tout en d\u00e9veloppant une suspicion g\u00e9n\u00e9ralis\u00e9e. Bien s\u00fbr, les financements exorbitants d\u2019investissement et de fonctionnement capt\u00e9s par la vid\u00e9osurveillance seront des moyens en moins pour renforcer la pr\u00e9sence humaine de proximit\u00e9.<\/p>\n<p><strong>Enfin sur la m\u00e9thode : o\u00f9 ces annonces ont-elles \u00e9t\u00e9 discut\u00e9es et \u00e9valu\u00e9es ?<\/strong> La moindre des choses quand on veut d\u00e9cider d\u2019une politique c\u2019est d\u2019en d\u00e9battre avec les habitants puis au conseil municipal et non de faire des effets d\u2019annonce dans la presse qui, comme par hasard, seraient mis en \u0153uvre \u00e0 quelques jours des \u00e9lections municipales de mars 2014.<\/p>\n<p>En conclusion, nous pouvons d\u2019ores et d\u00e9j\u00e0 annoncer que les propositions du premier adjoint n\u2019am\u00e9lioreront pas la s\u00e9curit\u00e9 \u00e0 Grenoble. Par contre elles engageraient notre ville dans une bien mauvaise spirale. <strong>Nous demandons solennellement \u00e0 la majorit\u00e9 que ces mesures ne soient pas mises en \u0153uvre. Nous aurons l\u2019occasion de d\u00e9tailler nos propositions dans les semaines \u00e0 venir pour r\u00e9pondre r\u00e9ellement aux probl\u00e8mes des Grenoblois en mati\u00e8re de s\u00e9curit\u00e9.<\/strong><\/p>\n","protected":false},"excerpt":{"rendered":"<p>Communiqu\u00e9 du 17 mai 2013 &#8211; Les mouvements ADES \u2013 EELV Grenoble \u2013 Alternatifs et les \u00e9lus du groupe Ecologie &amp; Solidarit\u00e9 Le premier adjoint de Grenoble vient d\u2019annoncer dans la presse un armement de la police municipale la nuit et un d\u00e9veloppement important de la vid\u00e9osurveillance. A quelques mois des prochaines \u00e9ch\u00e9ances municipales, peu [&hellip;]<\/p>\n","protected":false},"author":1,"featured_media":0,"comment_status":"closed","ping_status":"open","sticky":false,"template":"","format":"standard","meta":{"twitterCardType":"","cardImageID":0,"cardImage":"","cardTitle":"","cardDesc":"","cardImageAlt":"","cardPlayer":"","cardPlayerWidth":0,"cardPlayerHeight":0,"cardPlayerStream":"","cardPlayerCodec":"","footnotes":""},"categories":[11],"tags":[3,76,75],"class_list":["post-7077","post","type-post","status-publish","format-standard","hentry","category-politique-locale","tag-communiques","tag-securite","tag-videosurveillance"],"_links":{"self":[{"href":"https:\/\/www.ades-grenoble.org\/wordpress\/wp-json\/wp\/v2\/posts\/7077","targetHints":{"allow":["GET"]}}],"collection":[{"href":"https:\/\/www.ades-grenoble.org\/wordpress\/wp-json\/wp\/v2\/posts"}],"about":[{"href":"https:\/\/www.ades-grenoble.org\/wordpress\/wp-json\/wp\/v2\/types\/post"}],"author":[{"embeddable":true,"href":"https:\/\/www.ades-grenoble.org\/wordpress\/wp-json\/wp\/v2\/users\/1"}],"replies":[{"embeddable":true,"href":"https:\/\/www.ades-grenoble.org\/wordpress\/wp-json\/wp\/v2\/comments?post=7077"}],"version-history":[{"count":4,"href":"https:\/\/www.ades-grenoble.org\/wordpress\/wp-json\/wp\/v2\/posts\/7077\/revisions"}],"predecessor-version":[{"id":7080,"href":"https:\/\/www.ades-grenoble.org\/wordpress\/wp-json\/wp\/v2\/posts\/7077\/revisions\/7080"}],"wp:attachment":[{"href":"https:\/\/www.ades-grenoble.org\/wordpress\/wp-json\/wp\/v2\/media?parent=7077"}],"wp:term":[{"taxonomy":"category","embeddable":true,"href":"https:\/\/www.ades-grenoble.org\/wordpress\/wp-json\/wp\/v2\/categories?post=7077"},{"taxonomy":"post_tag","embeddable":true,"href":"https:\/\/www.ades-grenoble.org\/wordpress\/wp-json\/wp\/v2\/tags?post=7077"}],"curies":[{"name":"wp","href":"https:\/\/api.w.org\/{rel}","templated":true}]}}