{"id":7109,"date":"2013-05-25T18:00:43","date_gmt":"2013-05-25T16:00:43","guid":{"rendered":"http:\/\/www.ades-grenoble.org\/wordpress\/?p=7109"},"modified":"2013-05-25T18:00:43","modified_gmt":"2013-05-25T16:00:43","slug":"pourquoi-vouloir-urbaniser-a-outrance-lesplanade","status":"publish","type":"post","link":"https:\/\/www.ades-grenoble.org\/wordpress\/2013\/05\/25\/pourquoi-vouloir-urbaniser-a-outrance-lesplanade\/","title":{"rendered":"Pourquoi vouloir urbaniser \u00e0 outrance l&rsquo;Esplanade ?"},"content":{"rendered":"<p><img loading=\"lazy\" decoding=\"async\" class=\"alignleft size-thumbnail wp-image-5576\" style=\"margin: 5px;\" alt=\"vivre-a-grenoble-esplanade\" src=\"http:\/\/www.ades-grenoble.org\/wordpress\/wp-content\/uploads\/2012\/04\/vivre-a-grenoble-esplanade-150x65.jpg\" width=\"150\" height=\"65\" \/>\u00ab\u00a0C\u2019est bien gentil d\u2019\u00eatre contre le projet de l\u2019Esplanade, mais vous n\u2019avez rien \u00e0 proposer\u00a0!\u00a0\u00bb, voil\u00e0 le genre de reproches que l\u2019on pourrait \u00eatre tent\u00e9 de nous adresser (si ce n\u2019est d\u00e9j\u00e0 fait), tant nous avons d\u00e9crit ici par le menu les raisons fondamentales de notre opposition au projet d\u2019urbanisation tel que pr\u00e9sent\u00e9 par la majorit\u00e9 municipale. Mais en fait, c&rsquo;est toute la copie qui est \u00e0 revoir : sur le plan d\u00e9mocratique c\u2019est une \u00e9vidence, ne serait-ce que parce qu\u2019il n\u2019existe qu\u2019un seul et unique projet ; et sur la pertinence d\u2019urbaniser \u00e0 ce point l\u2019Esplanade, la question reste pos\u00e9e.<\/p>\n<p>En effet si, contrairement au discours de la majorit\u00e9, on part du postulat qu\u2019il n\u2019y a aucune justification \u00e0 urbaniser la ville \u00e0 outrance, et nous en avons fait maintes fois la d\u00e9monstration, le regard change. Pour autant on peut imaginer que ce secteur de la ville trop longtemps d\u00e9laiss\u00e9 b\u00e9n\u00e9ficie d\u2019un coup de jeune, sans le faire dispara\u00eetre d\u2019un trait de plume.<\/p>\n<p><!--more-->Des constructions de logements, mais pas seulement, pourraient alors compl\u00e9ter l\u2019existant, une r\u00e9flexion portant sur le maintien ou mieux l\u2019encouragement \u00e0 l\u2019installation d\u2019activit\u00e9s (entreprises de petite taille, artisanat\u2026), le tout en tenant compte de l\u2019histoire de cette partie de la ville serait s\u00fbrement propice \u00e0 lui redonner vie. En y ajoutant l\u2019embellissement des espaces publics, voiries, acc\u00e8s \u00e0 la Bastille (via ferrata, route de Cl\u00e9menci\u00e8res\u2026) et le maintien de l\u2019esplanade pour continuer \u00e0 accueillir f\u00eates foraines et \u00e9v\u00e8nements sous chapiteaux\u2026 nous aurions une v\u00e9ritable \u00ab\u00a0attractivit\u00e9\u00a0\u00bb tant vant\u00e9e par la majorit\u00e9 gr\u00e2ce \u00e0 un am\u00e9nagement \u00e0 \u00e9chelle humaine.<\/p>\n<p>Il reste la question de la disparition \u00e0 terme de l\u2019A48. Depuis le pseudo agrandissement du Parc P. Mistral en contre partie de la construction du stade des Alpes, personne n\u2019est dupe et ne cro\u00eet un instant qu\u2019un parc, qui plus est dot\u00e9 de\u00a0 \u00ab\u00a0guinguettes\u00a0\u00bb, viendrait avantageusement masquer ce qui n&rsquo;est au fond qu&rsquo;une op\u00e9ration immobili\u00e8re d\u2019envergure. Tout est donc \u00e0 revoir, et les propositions d\u00e9nu\u00e9es de d\u00e9mesures et de m\u00e9galomanie existent bel et bien. Il suffit de vouloir les entendre.<\/p>\n","protected":false},"excerpt":{"rendered":"<p>\u00ab\u00a0C\u2019est bien gentil d\u2019\u00eatre contre le projet de l\u2019Esplanade, mais vous n\u2019avez rien \u00e0 proposer\u00a0!\u00a0\u00bb, voil\u00e0 le genre de reproches que l\u2019on pourrait \u00eatre tent\u00e9 de nous adresser (si ce n\u2019est d\u00e9j\u00e0 fait), tant nous avons d\u00e9crit ici par le menu les raisons fondamentales de notre opposition au projet d\u2019urbanisation tel que pr\u00e9sent\u00e9 par la [&hellip;]<\/p>\n","protected":false},"author":1,"featured_media":0,"comment_status":"closed","ping_status":"open","sticky":false,"template":"","format":"standard","meta":{"twitterCardType":"","cardImageID":0,"cardImage":"","cardTitle":"","cardDesc":"","cardImageAlt":"","cardPlayer":"","cardPlayerWidth":0,"cardPlayerHeight":0,"cardPlayerStream":"","cardPlayerCodec":"","footnotes":""},"categories":[11],"tags":[35,25,65],"class_list":["post-7109","post","type-post","status-publish","format-standard","hentry","category-politique-locale","tag-democratie-locale","tag-esplanade","tag-urbanisme"],"_links":{"self":[{"href":"https:\/\/www.ades-grenoble.org\/wordpress\/wp-json\/wp\/v2\/posts\/7109","targetHints":{"allow":["GET"]}}],"collection":[{"href":"https:\/\/www.ades-grenoble.org\/wordpress\/wp-json\/wp\/v2\/posts"}],"about":[{"href":"https:\/\/www.ades-grenoble.org\/wordpress\/wp-json\/wp\/v2\/types\/post"}],"author":[{"embeddable":true,"href":"https:\/\/www.ades-grenoble.org\/wordpress\/wp-json\/wp\/v2\/users\/1"}],"replies":[{"embeddable":true,"href":"https:\/\/www.ades-grenoble.org\/wordpress\/wp-json\/wp\/v2\/comments?post=7109"}],"version-history":[{"count":7,"href":"https:\/\/www.ades-grenoble.org\/wordpress\/wp-json\/wp\/v2\/posts\/7109\/revisions"}],"predecessor-version":[{"id":7120,"href":"https:\/\/www.ades-grenoble.org\/wordpress\/wp-json\/wp\/v2\/posts\/7109\/revisions\/7120"}],"wp:attachment":[{"href":"https:\/\/www.ades-grenoble.org\/wordpress\/wp-json\/wp\/v2\/media?parent=7109"}],"wp:term":[{"taxonomy":"category","embeddable":true,"href":"https:\/\/www.ades-grenoble.org\/wordpress\/wp-json\/wp\/v2\/categories?post=7109"},{"taxonomy":"post_tag","embeddable":true,"href":"https:\/\/www.ades-grenoble.org\/wordpress\/wp-json\/wp\/v2\/tags?post=7109"}],"curies":[{"name":"wp","href":"https:\/\/api.w.org\/{rel}","templated":true}]}}