{"id":7115,"date":"2013-05-25T18:02:38","date_gmt":"2013-05-25T16:02:38","guid":{"rendered":"http:\/\/www.ades-grenoble.org\/wordpress\/?p=7115"},"modified":"2013-05-25T18:02:38","modified_gmt":"2013-05-25T16:02:38","slug":"suppressions-de-postes-a-geg-que-font-le-maire-et-le-president","status":"publish","type":"post","link":"https:\/\/www.ades-grenoble.org\/wordpress\/2013\/05\/25\/suppressions-de-postes-a-geg-que-font-le-maire-et-le-president\/","title":{"rendered":"Suppressions de postes \u00e0 GEG : que font le maire et le pr\u00e9sident ?"},"content":{"rendered":"<p>A peine sign\u00e9, le contrat de d\u00e9l\u00e9gation de service public avec GEG est viol\u00e9, mais le maire ne dit rien\u00a0! La majorit\u00e9 municipale, le maire et le pr\u00e9sident de GEG (J. Safar) en t\u00eate, ont d\u00e9cid\u00e9 le 22 octobre 2012 de passer <a href=\"http:\/\/www.ades-grenoble.org\/wordpress\/2012\/10\/26\/conseil-municipal-du-22-octobre-2012-le-courant-passe-avec-le-prive\/\">un contrat de concession avec GEG pour la distribution du gaz et de l\u2019\u00e9lectricit\u00e9 pour une dur\u00e9e de 30 ans<\/a>. Dans ce contrat GEG s\u2019est engag\u00e9 sur la base d\u2019un compte d\u2019exploitation pr\u00e9visionnel pour les 30 prochaines ann\u00e9es, avec une \u00e9volution lente et positive des frais de personnel excluant de fait une forte diminution du nombre d\u2019emplois.<\/p>\n<p>Or, le 16 mai dernier, la direction de GEG a annonc\u00e9 en comit\u00e9 d\u2019entreprise un \u00ab\u00a0plan de performance\u00a0\u00bb qui supprimera 62 postes en 3 ans sur un effectif actuel de 438. Un plan pr\u00e9sent\u00e9 au Conseil d\u2019administration qui n\u2019a pas protest\u00e9.<\/p>\n<p><!--more-->Ni le maire, ni le pr\u00e9sident de GEG ne se sont \u00e9mus de cette annonce qui contredit compl\u00e8tement le contrat de concession sign\u00e9 il y a \u00e0 peine 6 mois\u00a0! On est en droit de penser qu \u2018en octobre 2012, le pr\u00e9sident de GEG devait avoir connaissance de ce plan de performance qui n\u2019est s\u00fbrement pas sorti subitement du chapeau. On comprend mieux maintenant cet empressement de la majorit\u00e9 municipale \u00e0 d\u00e9cider en urgence cette nouvelle concession. Il \u00e9tait donc urgent de tout boucler avant que GEG d\u00e9cide sa restructuration (pour le profit des actionnaires au d\u00e9triment des usagers) ce qui aurait apport\u00e9 des arguments aux tenants du retour en r\u00e9gie. Encore une d\u00e9monstration \u00e9clatante que la majorit\u00e9 municipale est sous influence des puissants int\u00e9r\u00eats priv\u00e9s pr\u00e9sents dans les services publics grenoblois (GEG, CCIAG\u2026).<\/p>\n<p>Nous soutenons donc les personnels de GEG qui se mobilisent pour maintenir l\u2019emploi et leur sugg\u00e9rons d\u2019\u00e9tudier de tr\u00e8s pr\u00e8s <a href=\"http:\/\/www.ades-grenoble.org\/wordpress\/2013\/01\/11\/ou-lon-reparle-de-geg\/\">le retour en r\u00e9gie \u00e0 personnalit\u00e9 morale qui \u00e9chapperait \u00e0 la logique concurrentielle<\/a> dans laquelle le maire, le pr\u00e9sident et les actionnaires de GEG veulent entrer.<\/p>\n","protected":false},"excerpt":{"rendered":"<p>A peine sign\u00e9, le contrat de d\u00e9l\u00e9gation de service public avec GEG est viol\u00e9, mais le maire ne dit rien\u00a0! La majorit\u00e9 municipale, le maire et le pr\u00e9sident de GEG (J. Safar) en t\u00eate, ont d\u00e9cid\u00e9 le 22 octobre 2012 de passer un contrat de concession avec GEG pour la distribution du gaz et de [&hellip;]<\/p>\n","protected":false},"author":1,"featured_media":0,"comment_status":"closed","ping_status":"open","sticky":false,"template":"","format":"standard","meta":{"twitterCardType":"","cardImageID":0,"cardImage":"","cardTitle":"","cardDesc":"","cardImageAlt":"","cardPlayer":"","cardPlayerWidth":0,"cardPlayerHeight":0,"cardPlayerStream":"","cardPlayerCodec":"","footnotes":""},"categories":[11],"tags":[28],"class_list":["post-7115","post","type-post","status-publish","format-standard","hentry","category-politique-locale","tag-geg"],"_links":{"self":[{"href":"https:\/\/www.ades-grenoble.org\/wordpress\/wp-json\/wp\/v2\/posts\/7115","targetHints":{"allow":["GET"]}}],"collection":[{"href":"https:\/\/www.ades-grenoble.org\/wordpress\/wp-json\/wp\/v2\/posts"}],"about":[{"href":"https:\/\/www.ades-grenoble.org\/wordpress\/wp-json\/wp\/v2\/types\/post"}],"author":[{"embeddable":true,"href":"https:\/\/www.ades-grenoble.org\/wordpress\/wp-json\/wp\/v2\/users\/1"}],"replies":[{"embeddable":true,"href":"https:\/\/www.ades-grenoble.org\/wordpress\/wp-json\/wp\/v2\/comments?post=7115"}],"version-history":[{"count":3,"href":"https:\/\/www.ades-grenoble.org\/wordpress\/wp-json\/wp\/v2\/posts\/7115\/revisions"}],"predecessor-version":[{"id":7121,"href":"https:\/\/www.ades-grenoble.org\/wordpress\/wp-json\/wp\/v2\/posts\/7115\/revisions\/7121"}],"wp:attachment":[{"href":"https:\/\/www.ades-grenoble.org\/wordpress\/wp-json\/wp\/v2\/media?parent=7115"}],"wp:term":[{"taxonomy":"category","embeddable":true,"href":"https:\/\/www.ades-grenoble.org\/wordpress\/wp-json\/wp\/v2\/categories?post=7115"},{"taxonomy":"post_tag","embeddable":true,"href":"https:\/\/www.ades-grenoble.org\/wordpress\/wp-json\/wp\/v2\/tags?post=7115"}],"curies":[{"name":"wp","href":"https:\/\/api.w.org\/{rel}","templated":true}]}}