{"id":7156,"date":"2013-05-30T21:52:39","date_gmt":"2013-05-30T19:52:39","guid":{"rendered":"http:\/\/www.ades-grenoble.org\/wordpress\/?p=7156"},"modified":"2013-05-30T21:52:39","modified_gmt":"2013-05-30T19:52:39","slug":"le-mardi-11-juin-si-on-parlait-de-la-securite","status":"publish","type":"post","link":"https:\/\/www.ades-grenoble.org\/wordpress\/2013\/05\/30\/le-mardi-11-juin-si-on-parlait-de-la-securite\/","title":{"rendered":"Le mardi 11 juin, si on parlait de la s\u00e9curit\u00e9 ?"},"content":{"rendered":"<p><img loading=\"lazy\" decoding=\"async\" class=\"alignleft size-thumbnail wp-image-6891\" style=\"margin-left: 5px; margin-right: 5px;\" alt=\"logoReseauCitoyen2\" src=\"http:\/\/www.ades-grenoble.org\/wordpress\/wp-content\/uploads\/2013\/03\/logoReseauCitoyen2-130x150.png\" width=\"130\" height=\"150\" srcset=\"https:\/\/www.ades-grenoble.org\/wordpress\/wp-content\/uploads\/2013\/03\/logoReseauCitoyen2-130x150.png 130w, https:\/\/www.ades-grenoble.org\/wordpress\/wp-content\/uploads\/2013\/03\/logoReseauCitoyen2-261x300.png 261w, https:\/\/www.ades-grenoble.org\/wordpress\/wp-content\/uploads\/2013\/03\/logoReseauCitoyen2.png 440w\" sizes=\"auto, (max-width: 130px) 100vw, 130px\" \/><a href=\"http:\/\/www.2014grenoble.fr\/\" target=\"_blank\">Le r\u00e9seau citoyen de Grenoble<\/a> organise sa 3\u00e8me r\u00e9union publique sur le th\u00e8me\u00a0:<\/p>\n<p><strong>\u00ab\u00a0S\u00e9curit\u00e9, une affaire municipale\u00a0?\u00a0\u00bb, Mardi 11 juin 2012 \u00e0 20 h \u00e0 la Maison des Associations<\/strong>, 6 rue Berthe de Boissieux \u00e0 Grenoble<\/p>\n<p>Au lieu d\u2019en rester \u00e0 des d\u00e9clarations tonitruantes et inefficaces, comme <a href=\"http:\/\/www.ades-grenoble.org\/wordpress\/2013\/05\/20\/tournant-demagogique-dans-la-politique-de-securite-a-grenoble-attention-aux-vendeurs-dillusions\/\">l\u2019armement de la police municipale, la multiplication des cam\u00e9ras de vid\u00e9osurveillance<\/a>, ou l\u2019agitation malsaine des peurs, le r\u00e9seau citoyen propose d\u2019approfondir la n\u00e9cessit\u00e9 d\u2019une politique municipale globale, o\u00f9 le maire d\u2019une ville doit jouer le r\u00f4le central. Elle passe par le renforcement de la pr\u00e9sence publique dans tous les quartiers (\u00e9ducateurs, services publics, police, commerces\u2026), la coordination de toutes les administrations\u00a0: justice, police, \u00e9ducation\u2026 pour pr\u00e9venir la d\u00e9linquance.<\/p>\n<p>Avec la participation de :<\/p>\n<ul>\n<li><strong>Gilbert Berlioz, sociologue<\/strong>. Gilbert Berlioz est un ancien \u00e9ducateur, dipl\u00f4m\u00e9 de sciences politiques et sociologue. Ses travaux portent sur l&rsquo;articulation des politiques de pr\u00e9vention avec les autres politiques : d\u00e9linquance, s\u00e9curit\u00e9, errance&#8230; Consultant au Cabinet CRESS (Conseil Recherche Evaluation Sciences Sociales) il est auteur d&rsquo;une s\u00e9rie de publications sur la pr\u00e9vention de la d\u00e9linquance, le diagnostic sur la s\u00e9curit\u00e9, la position du responsable pr\u00e9vention-s\u00e9curit\u00e9 dans l&rsquo;organigramme municipal.<\/li>\n<li><strong>Et de S\u00e9bastien Grillo, ancien commissaire de police \u00e0 la Villeneuve et Teisseire<\/strong>, qui t\u00e9moignera sur l\u2019efficacit\u00e9 de la police de proximit\u00e9 qui a \u00e9t\u00e9 supprim\u00e9e par le gouvernement de droite.<\/li>\n<\/ul>\n","protected":false},"excerpt":{"rendered":"<p>Le r\u00e9seau citoyen de Grenoble organise sa 3\u00e8me r\u00e9union publique sur le th\u00e8me\u00a0: \u00ab\u00a0S\u00e9curit\u00e9, une affaire municipale\u00a0?\u00a0\u00bb, Mardi 11 juin 2012 \u00e0 20 h \u00e0 la Maison des Associations, 6 rue Berthe de Boissieux \u00e0 Grenoble Au lieu d\u2019en rester \u00e0 des d\u00e9clarations tonitruantes et inefficaces, comme l\u2019armement de la police municipale, la multiplication des [&hellip;]<\/p>\n","protected":false},"author":1,"featured_media":0,"comment_status":"closed","ping_status":"open","sticky":false,"template":"","format":"standard","meta":{"twitterCardType":"","cardImageID":0,"cardImage":"","cardTitle":"","cardDesc":"","cardImageAlt":"","cardPlayer":"","cardPlayerWidth":0,"cardPlayerHeight":0,"cardPlayerStream":"","cardPlayerCodec":"","footnotes":""},"categories":[11],"tags":[76],"class_list":["post-7156","post","type-post","status-publish","format-standard","hentry","category-politique-locale","tag-securite"],"_links":{"self":[{"href":"https:\/\/www.ades-grenoble.org\/wordpress\/wp-json\/wp\/v2\/posts\/7156","targetHints":{"allow":["GET"]}}],"collection":[{"href":"https:\/\/www.ades-grenoble.org\/wordpress\/wp-json\/wp\/v2\/posts"}],"about":[{"href":"https:\/\/www.ades-grenoble.org\/wordpress\/wp-json\/wp\/v2\/types\/post"}],"author":[{"embeddable":true,"href":"https:\/\/www.ades-grenoble.org\/wordpress\/wp-json\/wp\/v2\/users\/1"}],"replies":[{"embeddable":true,"href":"https:\/\/www.ades-grenoble.org\/wordpress\/wp-json\/wp\/v2\/comments?post=7156"}],"version-history":[{"count":2,"href":"https:\/\/www.ades-grenoble.org\/wordpress\/wp-json\/wp\/v2\/posts\/7156\/revisions"}],"predecessor-version":[{"id":7158,"href":"https:\/\/www.ades-grenoble.org\/wordpress\/wp-json\/wp\/v2\/posts\/7156\/revisions\/7158"}],"wp:attachment":[{"href":"https:\/\/www.ades-grenoble.org\/wordpress\/wp-json\/wp\/v2\/media?parent=7156"}],"wp:term":[{"taxonomy":"category","embeddable":true,"href":"https:\/\/www.ades-grenoble.org\/wordpress\/wp-json\/wp\/v2\/categories?post=7156"},{"taxonomy":"post_tag","embeddable":true,"href":"https:\/\/www.ades-grenoble.org\/wordpress\/wp-json\/wp\/v2\/tags?post=7156"}],"curies":[{"name":"wp","href":"https:\/\/api.w.org\/{rel}","templated":true}]}}