{"id":7208,"date":"2013-06-13T22:11:30","date_gmt":"2013-06-13T20:11:30","guid":{"rendered":"http:\/\/www.ades-grenoble.org\/wordpress\/?p=7208"},"modified":"2013-06-13T22:11:30","modified_gmt":"2013-06-13T20:11:30","slug":"la-precarite-energetique-progresse-fortement","status":"publish","type":"post","link":"https:\/\/www.ades-grenoble.org\/wordpress\/2013\/06\/13\/la-precarite-energetique-progresse-fortement\/","title":{"rendered":"La pr\u00e9carit\u00e9 \u00e9nerg\u00e9tique progresse fortement"},"content":{"rendered":"<p>Le 11 juin, le M\u00e9diateur national de l\u2019\u00e9nergie a rendu son rapport d\u2019activit\u00e9 pour l\u2019ann\u00e9e 2012. Il d\u00e9crit une d\u00e9t\u00e9rioration de la situation de tr\u00e8s nombreux m\u00e9nages. Raison de plus pour exiger de nos d\u00e9cideurs locaux (les communes) de <a href=\"http:\/\/www.ades-grenoble.org\/wordpress\/2013\/06\/09\/grenoble-pour-un-vrai-service-public-de-lenergie\/\">g\u00e9rer les services publics de l\u2019\u00e9nergie (GEG et CCIAG) avec la plus grande rigueur et efficacit\u00e9 pour que le service soit rendu au meilleur prix<\/a>, ce qui n\u2019est pas le cas tout particuli\u00e8rement pour le chauffage urbain.<\/p>\n<p>Voici quelques extraits du <a href=\"http:\/\/www.energie-mediateur.fr\/actualites\/detail_actualites\/article\/rapport-annuel-2012.html\" target=\"_blank\">rapport du m\u00e9diateur national<\/a>.<\/p>\n<p><!--more-->\u00ab\u00a0Rappelons que 8 millions de Fran\u00e7ais (4 millions de m\u00e9nages) au moins consacrent plus de 10% de leurs revenus aux d\u00e9penses d\u2019\u00e9nergie. En 2012, et c\u2019est un chiffre en constante augmentation, pr\u00e8s d\u2019une sollicitation du m\u00e9diateur sur cinq relevait de difficult\u00e9s de paiement, avec une dette moyenne de 1900\u20ac. La situation en 2013 est d\u00e9j\u00e0 alarmante : le quart des dossiers que nous recevons depuis janvier concerne des difficult\u00e9s de paiement avec un pic \u00e0 34% en mars.<\/p>\n<p>Ce n\u2019est malheureusement pas une surprise : la crise \u00e9conomique a d\u00e9t\u00e9rior\u00e9 la situation financi\u00e8re fragile de nombreux m\u00e9nages.<\/p>\n<p>Les prix de l\u2019\u00e9nergie ont beaucoup augment\u00e9 dans le pass\u00e9, de 32% selon l\u2019Institut national de la consommation en 10 ans. Mais il y a aussi les hausses de prix \u00e0 venir.<\/p>\n<p>S\u2019agissant des prix du gaz naturel, apr\u00e8s une p\u00e9riode de hausse quasi continue ces derni\u00e8res ann\u00e9es, +80% depuis 2005, de l\u00e9g\u00e8res baisses sont enregistr\u00e9es depuis le d\u00e9but de l\u2019ann\u00e9e. Rien ne permet de pr\u00e9dire que cette situation perdure.<\/p>\n<p>On peut en revanche \u00eatre s\u00fbr que les prix de l\u2019\u00e9lectricit\u00e9 vont augmenter\u2026<\/p>\n<p>Il y a urgence \u00e0 prendre le probl\u00e8me \u00e0 bras le corps. L\u2019\u00e9nergie est un bien essentiel, qui doit \u00eatre pay\u00e9 \u00e0 son juste prix par ceux qui le peuvent, mais dont l\u2019acc\u00e8s doit \u00eatre garanti aux plus vuln\u00e9rables dans des conditions \u00e9conomiques acceptables.<\/p>\n<p>Nous proposons donc quatre mesures phare, d\u00e9j\u00e0 expos\u00e9es pr\u00e9c\u00e9demment mais auxquelles l\u2019actualit\u00e9 donne toute leur pertinence :<\/p>\n<p>La premi\u00e8re, c\u2019est de donner aux Fran\u00e7ais de la visibilit\u00e9 sur l\u2019\u00e9volution des prix de l\u2019\u00e9nergie, et en particulier de l\u2019\u00e9lectricit\u00e9\u2026<\/p>\n<p>La seconde proposition que nous faisons, c\u2019est la mise en place d\u2019un fournisseur de dernier recours\u2026 assurant dans des conditions d\u00e9finies par la loi une fourniture minimale<\/p>\n<p>Troisi\u00e8me proposition : la mise en place imm\u00e9diate d\u2019un ch\u00e8que \u00e9nergie, via les Aides Personnalis\u00e9es au Logement\u2026<\/p>\n<p>Or, 6,2 millions de personnes b\u00e9n\u00e9ficient aujourd\u2019hui des APL (Aides personnalis\u00e9es au Logement) : un compl\u00e9ment au forfait charge, qui existe d\u00e9j\u00e0, b\u00e9n\u00e9ficierait imm\u00e9diatement \u00e0 tous ceux qui en ont besoin, pour un co\u00fbt de gestion marginal.<\/p>\n<p>il faut r\u00e9\u00e9valuer significativement le montant des aides vers\u00e9es pour le paiement des factures via le ch\u00e8que \u00e9nergie. Certes, il vaut mieux investir dans la r\u00e9novation des passoires thermiques, personne ne le conteste. Mais au rythme o\u00f9 cette r\u00e9novation se met en place, et m\u00eame avec une impulsion forte, il faudra des d\u00e9cennies pour r\u00e9nover le parc de logements concern\u00e9s. Aide au paiement des factures et r\u00e9novation sont donc des mesures compl\u00e9mentaires et indissociables pour lutter contre la pr\u00e9carit\u00e9 \u00e9nerg\u00e9tique.<\/p>\n<p>Nous proposons de doter le ch\u00e8que \u00e9nergie d\u2019un montant d\u2019au moins d\u20191 milliard d\u2019euros par an, financ\u00e9 par la CSPE en \u00e9lectricit\u00e9 et son \u00e9quivalent en gaz, la CTSS. Ce montant est \u00e0 rapprocher des 5 milliards collect\u00e9s chaque ann\u00e9e par la CSPE pour financer le d\u00e9veloppement des \u00e9nergies renouvelables (3 Mds d\u2019\u20ac), et la p\u00e9r\u00e9quation tarifaire dans les zones insulaires (1,4 Md d\u2019\u20ac). Nous sommes devant des choix importants \u00e0 faire.\u00a0\u00bb<\/p>\n","protected":false},"excerpt":{"rendered":"<p>Le 11 juin, le M\u00e9diateur national de l\u2019\u00e9nergie a rendu son rapport d\u2019activit\u00e9 pour l\u2019ann\u00e9e 2012. Il d\u00e9crit une d\u00e9t\u00e9rioration de la situation de tr\u00e8s nombreux m\u00e9nages. Raison de plus pour exiger de nos d\u00e9cideurs locaux (les communes) de g\u00e9rer les services publics de l\u2019\u00e9nergie (GEG et CCIAG) avec la plus grande rigueur et efficacit\u00e9 [&hellip;]<\/p>\n","protected":false},"author":1,"featured_media":0,"comment_status":"closed","ping_status":"open","sticky":false,"template":"","format":"standard","meta":{"twitterCardType":"","cardImageID":0,"cardImage":"","cardTitle":"","cardDesc":"","cardImageAlt":"","cardPlayer":"","cardPlayerWidth":0,"cardPlayerHeight":0,"cardPlayerStream":"","cardPlayerCodec":"","footnotes":""},"categories":[11],"tags":[235,33],"class_list":["post-7208","post","type-post","status-publish","format-standard","hentry","category-politique-locale","tag-energie","tag-social"],"_links":{"self":[{"href":"https:\/\/www.ades-grenoble.org\/wordpress\/wp-json\/wp\/v2\/posts\/7208","targetHints":{"allow":["GET"]}}],"collection":[{"href":"https:\/\/www.ades-grenoble.org\/wordpress\/wp-json\/wp\/v2\/posts"}],"about":[{"href":"https:\/\/www.ades-grenoble.org\/wordpress\/wp-json\/wp\/v2\/types\/post"}],"author":[{"embeddable":true,"href":"https:\/\/www.ades-grenoble.org\/wordpress\/wp-json\/wp\/v2\/users\/1"}],"replies":[{"embeddable":true,"href":"https:\/\/www.ades-grenoble.org\/wordpress\/wp-json\/wp\/v2\/comments?post=7208"}],"version-history":[{"count":2,"href":"https:\/\/www.ades-grenoble.org\/wordpress\/wp-json\/wp\/v2\/posts\/7208\/revisions"}],"predecessor-version":[{"id":7210,"href":"https:\/\/www.ades-grenoble.org\/wordpress\/wp-json\/wp\/v2\/posts\/7208\/revisions\/7210"}],"wp:attachment":[{"href":"https:\/\/www.ades-grenoble.org\/wordpress\/wp-json\/wp\/v2\/media?parent=7208"}],"wp:term":[{"taxonomy":"category","embeddable":true,"href":"https:\/\/www.ades-grenoble.org\/wordpress\/wp-json\/wp\/v2\/categories?post=7208"},{"taxonomy":"post_tag","embeddable":true,"href":"https:\/\/www.ades-grenoble.org\/wordpress\/wp-json\/wp\/v2\/tags?post=7208"}],"curies":[{"name":"wp","href":"https:\/\/api.w.org\/{rel}","templated":true}]}}