{"id":7211,"date":"2013-06-13T22:13:05","date_gmt":"2013-06-13T20:13:05","guid":{"rendered":"http:\/\/www.ades-grenoble.org\/wordpress\/?p=7211"},"modified":"2013-06-13T22:21:33","modified_gmt":"2013-06-13T20:21:33","slug":"directin-dactis-fin-de-lhistoire","status":"publish","type":"post","link":"https:\/\/www.ades-grenoble.org\/wordpress\/2013\/06\/13\/directin-dactis-fin-de-lhistoire\/","title":{"rendered":"Direction d&rsquo;Actis : fin de l\u2019histoire ?"},"content":{"rendered":"<p><a href=\"http:\/\/www.ades-grenoble.org\/wordpress\/2013\/05\/13\/a-grenoble-on-aime-linnovation-a-actis-aussi\/\">Dans notre article du 13 mai dernier<\/a> nous r\u00e9v\u00e9lions une disposition totalement in\u00e9dite consistant \u00e0 recruter d\u00e8s octobre 2013 un nouveau directeur g\u00e9n\u00e9ral, le directeur en place devenant directeur g\u00e9n\u00e9ral adjoint. Autrement dit deux directeurs pour le prix de\u2026deux.<\/p>\n<p>Or nous apprenons que cette d\u00e9cision est annul\u00e9e, ce sera au prochain conseil d\u2019administration issu du scrutin municipal de mars 2014, de recruter le prochain directeur d\u2019ACTIS. Voil\u00e0 une d\u00e9cision sage et d\u00e9mocratique qui de surcro\u00eet va permettre au bailleur social (donc \u00e0 ses locataires) une \u00e9conomie substantielle.<\/p>\n","protected":false},"excerpt":{"rendered":"<p>Dans notre article du 13 mai dernier nous r\u00e9v\u00e9lions une disposition totalement in\u00e9dite consistant \u00e0 recruter d\u00e8s octobre 2013 un nouveau directeur g\u00e9n\u00e9ral, le directeur en place devenant directeur g\u00e9n\u00e9ral adjoint. Autrement dit deux directeurs pour le prix de\u2026deux. Or nous apprenons que cette d\u00e9cision est annul\u00e9e, ce sera au prochain conseil d\u2019administration issu du [&hellip;]<\/p>\n","protected":false},"author":1,"featured_media":0,"comment_status":"closed","ping_status":"open","sticky":false,"template":"","format":"standard","meta":{"twitterCardType":"","cardImageID":0,"cardImage":"","cardTitle":"","cardDesc":"","cardImageAlt":"","cardPlayer":"","cardPlayerWidth":0,"cardPlayerHeight":0,"cardPlayerStream":"","cardPlayerCodec":"","footnotes":""},"categories":[11],"tags":[66],"class_list":["post-7211","post","type-post","status-publish","format-standard","hentry","category-politique-locale","tag-logement"],"_links":{"self":[{"href":"https:\/\/www.ades-grenoble.org\/wordpress\/wp-json\/wp\/v2\/posts\/7211","targetHints":{"allow":["GET"]}}],"collection":[{"href":"https:\/\/www.ades-grenoble.org\/wordpress\/wp-json\/wp\/v2\/posts"}],"about":[{"href":"https:\/\/www.ades-grenoble.org\/wordpress\/wp-json\/wp\/v2\/types\/post"}],"author":[{"embeddable":true,"href":"https:\/\/www.ades-grenoble.org\/wordpress\/wp-json\/wp\/v2\/users\/1"}],"replies":[{"embeddable":true,"href":"https:\/\/www.ades-grenoble.org\/wordpress\/wp-json\/wp\/v2\/comments?post=7211"}],"version-history":[{"count":3,"href":"https:\/\/www.ades-grenoble.org\/wordpress\/wp-json\/wp\/v2\/posts\/7211\/revisions"}],"predecessor-version":[{"id":7223,"href":"https:\/\/www.ades-grenoble.org\/wordpress\/wp-json\/wp\/v2\/posts\/7211\/revisions\/7223"}],"wp:attachment":[{"href":"https:\/\/www.ades-grenoble.org\/wordpress\/wp-json\/wp\/v2\/media?parent=7211"}],"wp:term":[{"taxonomy":"category","embeddable":true,"href":"https:\/\/www.ades-grenoble.org\/wordpress\/wp-json\/wp\/v2\/categories?post=7211"},{"taxonomy":"post_tag","embeddable":true,"href":"https:\/\/www.ades-grenoble.org\/wordpress\/wp-json\/wp\/v2\/tags?post=7211"}],"curies":[{"name":"wp","href":"https:\/\/api.w.org\/{rel}","templated":true}]}}