{"id":7214,"date":"2013-06-13T22:15:35","date_gmt":"2013-06-13T20:15:35","guid":{"rendered":"http:\/\/www.ades-grenoble.org\/wordpress\/?p=7214"},"modified":"2013-06-13T22:15:35","modified_gmt":"2013-06-13T20:15:35","slug":"politique-politicienne-fusible-a-droite","status":"publish","type":"post","link":"https:\/\/www.ades-grenoble.org\/wordpress\/2013\/06\/13\/politique-politicienne-fusible-a-droite\/","title":{"rendered":"Politique politicienne : fusible \u00e0 droite"},"content":{"rendered":"<p><strong>Alain Carignon entend vraiment revenir aux affaires<\/strong>. Il m\u00e8ne une campagne agressive \u00e0 Grenoble pour disputer la primaire de l\u2019UMP \u00e0 M. Chamussy. Tous les moyens sont bons, m\u00eame des all\u00e9gations non fond\u00e9es comme celle laissant croire que l\u2019ADES g\u00e9rerait le R\u00e9seau Citoyen. Si l\u2019ADES soutient activement le r\u00e9seau et l\u2019a fait savoir d\u00e8s le d\u00e9but, il n\u2019en demeure pas moins que cette structure est ind\u00e9pendante et autonome. <a href=\"http:\/\/www.ades-grenoble.org\/wordpress\/2013\/06\/10\/confirmation-cest-donc-bien-le-corrompu-qui-dirige-lump38\/\">Voir le communiqu\u00e9 de l\u2019ADES du 10 juin 2013 qui d\u00e9montre que c\u2019est l\u2019ex-maire corrompu qui pilote l\u2019UMP38<\/a>.<\/p>\n<p><strong>Il en va de l\u2019UMP comme de l\u2019\u00e9lectricit\u00e9<\/strong>\u00a0: un fusible (le communicant s\u2019occupant du site internet) permet de prot\u00e9ger le syst\u00e8me central. Le communiqu\u00e9 de Carignon mettant en cause l\u2019ADES \u00e9tait donc une erreur du fusible. Cependant, nul n\u2019ignore qu\u2019un fusible qui saute indique qu\u2019il y a un probl\u00e8me plus grave en amont. Donc personne n\u2019oublie \u00e0 Grenoble que, malgr\u00e9 le temps, certaines m\u00e9thodes incompatibles avec la d\u00e9mocratie peuvent toujours revenir, car cette r\u00e9ponse \u00ab\u00a0c\u2019est pas moi, c\u2019est l\u2019autre\u00a0\u00bb, ne trompe personne.<\/p>\n","protected":false},"excerpt":{"rendered":"<p>Alain Carignon entend vraiment revenir aux affaires. Il m\u00e8ne une campagne agressive \u00e0 Grenoble pour disputer la primaire de l\u2019UMP \u00e0 M. Chamussy. Tous les moyens sont bons, m\u00eame des all\u00e9gations non fond\u00e9es comme celle laissant croire que l\u2019ADES g\u00e9rerait le R\u00e9seau Citoyen. Si l\u2019ADES soutient activement le r\u00e9seau et l\u2019a fait savoir d\u00e8s le [&hellip;]<\/p>\n","protected":false},"author":1,"featured_media":0,"comment_status":"closed","ping_status":"open","sticky":false,"template":"","format":"standard","meta":{"twitterCardType":"","cardImageID":0,"cardImage":"","cardTitle":"","cardDesc":"","cardImageAlt":"","cardPlayer":"","cardPlayerWidth":0,"cardPlayerHeight":0,"cardPlayerStream":"","cardPlayerCodec":"","footnotes":""},"categories":[11],"tags":[30,109,115],"class_list":["post-7214","post","type-post","status-publish","format-standard","hentry","category-politique-locale","tag-corrompu","tag-droite","tag-municipales-2014"],"_links":{"self":[{"href":"https:\/\/www.ades-grenoble.org\/wordpress\/wp-json\/wp\/v2\/posts\/7214","targetHints":{"allow":["GET"]}}],"collection":[{"href":"https:\/\/www.ades-grenoble.org\/wordpress\/wp-json\/wp\/v2\/posts"}],"about":[{"href":"https:\/\/www.ades-grenoble.org\/wordpress\/wp-json\/wp\/v2\/types\/post"}],"author":[{"embeddable":true,"href":"https:\/\/www.ades-grenoble.org\/wordpress\/wp-json\/wp\/v2\/users\/1"}],"replies":[{"embeddable":true,"href":"https:\/\/www.ades-grenoble.org\/wordpress\/wp-json\/wp\/v2\/comments?post=7214"}],"version-history":[{"count":2,"href":"https:\/\/www.ades-grenoble.org\/wordpress\/wp-json\/wp\/v2\/posts\/7214\/revisions"}],"predecessor-version":[{"id":7216,"href":"https:\/\/www.ades-grenoble.org\/wordpress\/wp-json\/wp\/v2\/posts\/7214\/revisions\/7216"}],"wp:attachment":[{"href":"https:\/\/www.ades-grenoble.org\/wordpress\/wp-json\/wp\/v2\/media?parent=7214"}],"wp:term":[{"taxonomy":"category","embeddable":true,"href":"https:\/\/www.ades-grenoble.org\/wordpress\/wp-json\/wp\/v2\/categories?post=7214"},{"taxonomy":"post_tag","embeddable":true,"href":"https:\/\/www.ades-grenoble.org\/wordpress\/wp-json\/wp\/v2\/tags?post=7214"}],"curies":[{"name":"wp","href":"https:\/\/api.w.org\/{rel}","templated":true}]}}