{"id":7238,"date":"2013-06-22T11:58:02","date_gmt":"2013-06-22T09:58:02","guid":{"rendered":"http:\/\/www.ades-grenoble.org\/wordpress\/?p=7238"},"modified":"2013-06-22T11:58:02","modified_gmt":"2013-06-22T09:58:02","slug":"directions-dactis-suite","status":"publish","type":"post","link":"https:\/\/www.ades-grenoble.org\/wordpress\/2013\/06\/22\/directions-dactis-suite\/","title":{"rendered":"Directions d&rsquo;ACTIS suite"},"content":{"rendered":"<p>Ce qui s\u2019est pass\u00e9 r\u00e9cemment \u00e0 ACTIS n\u2019est pas anodin (voir <a href=\"http:\/\/www.ades-grenoble.org\/wordpress\/2013\/05\/13\/a-grenoble-on-aime-linnovation-a-actis-aussi\/\">notre article du 13 mai<\/a> et <a href=\"http:\/\/www.ades-grenoble.org\/wordpress\/2013\/05\/13\/a-grenoble-on-aime-linnovation-a-actis-aussi\/comment-page-1\/#comment-1763\">droit de r\u00e9ponse de la Pr\u00e9sidente d\u2019ACTIS<\/a>) et <a href=\"http:\/\/www.ades-grenoble.org\/wordpress\/2013\/06\/13\/directin-dactis-fin-de-lhistoire\/\">nous indiquions le 13 juin <\/a>que cette d\u00e9cision \u00e9tait remise en cause par la pr\u00e9sidente alors que c\u2018est elle-m\u00eame qui l\u2019avait d\u00e9fendue. Il semblerait que notre article initial soit \u00e0 l\u2019origine de ce brusque revirement que nous trouvons positif. C\u2019est ce qu\u2019il faut comprendre \u00e0 travers un commentaire de la Pr\u00e9sidente d\u2019ACTIS qui explique ce revirement par souci de prot\u00e9ger l\u2019organisme HLM d\u2019une prise d\u2019otage due \u00e0 des man\u0153uvres politiciennes (bigre\u00a0!).<\/p>\n<p><!--more-->En politique les choses sont assez simples, ou bien la d\u00e9cision prise est la bonne et on la d\u00e9fend, c\u2019est la grandeur de l\u2019action politique ; ou bien on a fait une b\u00eatise et on le dit en l\u2019expliquant. Mais chercher des excuses en accusant des tiers d\u2019\u00eatre responsables de ses propres b\u00eatises n\u2019est pas tr\u00e8s glorieux.<\/p>\n<p>De plus il faudrait rappeler que la Pr\u00e9sidente d\u2019un organisme HLM n\u2019est que pr\u00e9sidente du conseil d\u2019administration, et en aucun cas l\u2019ex\u00e9cutif qui est repr\u00e9sent\u00e9 par le directeur g\u00e9n\u00e9ral. Elle ne peut qu\u2019appliquer les d\u00e9cisions de son Conseil d\u2019Administration. Il va donc falloir qu\u2019elle propose un nouveau vote au CA pour valider sa nouvelle proposition et retirer l\u2019ancienne.<\/p>\n","protected":false},"excerpt":{"rendered":"<p>Ce qui s\u2019est pass\u00e9 r\u00e9cemment \u00e0 ACTIS n\u2019est pas anodin (voir notre article du 13 mai et droit de r\u00e9ponse de la Pr\u00e9sidente d\u2019ACTIS) et nous indiquions le 13 juin que cette d\u00e9cision \u00e9tait remise en cause par la pr\u00e9sidente alors que c\u2018est elle-m\u00eame qui l\u2019avait d\u00e9fendue. Il semblerait que notre article initial soit \u00e0 [&hellip;]<\/p>\n","protected":false},"author":1,"featured_media":0,"comment_status":"closed","ping_status":"open","sticky":false,"template":"","format":"standard","meta":{"twitterCardType":"","cardImageID":0,"cardImage":"","cardTitle":"","cardDesc":"","cardImageAlt":"","cardPlayer":"","cardPlayerWidth":0,"cardPlayerHeight":0,"cardPlayerStream":"","cardPlayerCodec":"","footnotes":""},"categories":[11],"tags":[66],"class_list":["post-7238","post","type-post","status-publish","format-standard","hentry","category-politique-locale","tag-logement"],"_links":{"self":[{"href":"https:\/\/www.ades-grenoble.org\/wordpress\/wp-json\/wp\/v2\/posts\/7238","targetHints":{"allow":["GET"]}}],"collection":[{"href":"https:\/\/www.ades-grenoble.org\/wordpress\/wp-json\/wp\/v2\/posts"}],"about":[{"href":"https:\/\/www.ades-grenoble.org\/wordpress\/wp-json\/wp\/v2\/types\/post"}],"author":[{"embeddable":true,"href":"https:\/\/www.ades-grenoble.org\/wordpress\/wp-json\/wp\/v2\/users\/1"}],"replies":[{"embeddable":true,"href":"https:\/\/www.ades-grenoble.org\/wordpress\/wp-json\/wp\/v2\/comments?post=7238"}],"version-history":[{"count":2,"href":"https:\/\/www.ades-grenoble.org\/wordpress\/wp-json\/wp\/v2\/posts\/7238\/revisions"}],"predecessor-version":[{"id":7240,"href":"https:\/\/www.ades-grenoble.org\/wordpress\/wp-json\/wp\/v2\/posts\/7238\/revisions\/7240"}],"wp:attachment":[{"href":"https:\/\/www.ades-grenoble.org\/wordpress\/wp-json\/wp\/v2\/media?parent=7238"}],"wp:term":[{"taxonomy":"category","embeddable":true,"href":"https:\/\/www.ades-grenoble.org\/wordpress\/wp-json\/wp\/v2\/categories?post=7238"},{"taxonomy":"post_tag","embeddable":true,"href":"https:\/\/www.ades-grenoble.org\/wordpress\/wp-json\/wp\/v2\/tags?post=7238"}],"curies":[{"name":"wp","href":"https:\/\/api.w.org\/{rel}","templated":true}]}}