{"id":7315,"date":"2013-07-06T11:49:52","date_gmt":"2013-07-06T09:49:52","guid":{"rendered":"http:\/\/www.ades-grenoble.org\/wordpress\/?p=7315"},"modified":"2013-07-06T11:49:52","modified_gmt":"2013-07-06T09:49:52","slug":"ordre-du-jour-du-conseil-municipal-le-8-juillet","status":"publish","type":"post","link":"https:\/\/www.ades-grenoble.org\/wordpress\/2013\/07\/06\/ordre-du-jour-du-conseil-municipal-le-8-juillet\/","title":{"rendered":"Ordre du jour du conseil municipal le 8 juillet"},"content":{"rendered":"<p>Un conseil municipal de Grenoble \u00e0 la limite de l&rsquo;indigestion (111 d\u00e9lib\u00e9rations) qui d\u00e9marre \u00e0 17 h et \u00a0devrait se terminer tr\u00e8s tard dans la soir\u00e9e.<\/p>\n<p>Au menu, entre autres :<\/p>\n<ul>\n<li>organisation de la r\u00e9forme des risques scolaires (rythmes \u00e0 part, il \u00a0s&rsquo;agit bien de risques en effet) il parait que tout baigne : v\u00e9rification sur pi\u00e8ces \u00e0 la rentr\u00e9e.<\/li>\n<li>29 d\u00e9lib\u00e9rations sur Culture, sport, \u00e9ducation, jeunesse.<\/li>\n<li>Pas moins de 6 d\u00e9lib\u00e9rations pour la ZAC Presqu&rsquo;\u00eele : les nouvelles mobilit\u00e9s, le stationnement. Attention aux discours idylliques sur la prochaine cit\u00e9 radieuse. Encore un partenariat avec un grand groupe priv\u00e9 pour la recherche et d\u00e9veloppement, parfois on aimerait des partenariats avec la recherche publique.<\/li>\n<li>Attention, l&rsquo;op\u00e9ration stade Lesdigui\u00e8res avec le club de rugby, se lance avec le bail emphyt\u00e9otique. Encore du gaspillage, mais pourquoi ne pas faire jouer les rugbymen au \u00a0stade des Alpes ?<\/li>\n<li>Mutualisation des services de l&rsquo;eau entre le SIERG et Grenoble, \u00e7a avance plus lentement que pr\u00e9vu.<\/li>\n<li>Adoption du budget suppl\u00e9mentaire (incorporation des r\u00e9sultats du budget 2012). Ce serait le moment de faire des \u00e9conomies, vu ce qui va se passer en 2014 avec le d\u00e9sengagement de l&rsquo;Etat, mais ce n&rsquo;est pas \u00e0 l&rsquo;ordre du jour.<\/li>\n<li>Etc, etc.<\/li>\n<\/ul>\n","protected":false},"excerpt":{"rendered":"<p>Un conseil municipal de Grenoble \u00e0 la limite de l&rsquo;indigestion (111 d\u00e9lib\u00e9rations) qui d\u00e9marre \u00e0 17 h et \u00a0devrait se terminer tr\u00e8s tard dans la soir\u00e9e. Au menu, entre autres : organisation de la r\u00e9forme des risques scolaires (rythmes \u00e0 part, il \u00a0s&rsquo;agit bien de risques en effet) il parait que tout baigne : v\u00e9rification [&hellip;]<\/p>\n","protected":false},"author":1,"featured_media":0,"comment_status":"closed","ping_status":"open","sticky":false,"template":"","format":"standard","meta":{"twitterCardType":"","cardImageID":0,"cardImage":"","cardTitle":"","cardDesc":"","cardImageAlt":"","cardPlayer":"","cardPlayerWidth":0,"cardPlayerHeight":0,"cardPlayerStream":"","cardPlayerCodec":"","footnotes":""},"categories":[11],"tags":[47,67,232,40,234,233],"class_list":["post-7315","post","type-post","status-publish","format-standard","hentry","category-politique-locale","tag-budget-alternatif","tag-conseil-municipal","tag-eau","tag-education","tag-giant","tag-stade"],"_links":{"self":[{"href":"https:\/\/www.ades-grenoble.org\/wordpress\/wp-json\/wp\/v2\/posts\/7315","targetHints":{"allow":["GET"]}}],"collection":[{"href":"https:\/\/www.ades-grenoble.org\/wordpress\/wp-json\/wp\/v2\/posts"}],"about":[{"href":"https:\/\/www.ades-grenoble.org\/wordpress\/wp-json\/wp\/v2\/types\/post"}],"author":[{"embeddable":true,"href":"https:\/\/www.ades-grenoble.org\/wordpress\/wp-json\/wp\/v2\/users\/1"}],"replies":[{"embeddable":true,"href":"https:\/\/www.ades-grenoble.org\/wordpress\/wp-json\/wp\/v2\/comments?post=7315"}],"version-history":[{"count":2,"href":"https:\/\/www.ades-grenoble.org\/wordpress\/wp-json\/wp\/v2\/posts\/7315\/revisions"}],"predecessor-version":[{"id":7317,"href":"https:\/\/www.ades-grenoble.org\/wordpress\/wp-json\/wp\/v2\/posts\/7315\/revisions\/7317"}],"wp:attachment":[{"href":"https:\/\/www.ades-grenoble.org\/wordpress\/wp-json\/wp\/v2\/media?parent=7315"}],"wp:term":[{"taxonomy":"category","embeddable":true,"href":"https:\/\/www.ades-grenoble.org\/wordpress\/wp-json\/wp\/v2\/categories?post=7315"},{"taxonomy":"post_tag","embeddable":true,"href":"https:\/\/www.ades-grenoble.org\/wordpress\/wp-json\/wp\/v2\/tags?post=7315"}],"curies":[{"name":"wp","href":"https:\/\/api.w.org\/{rel}","templated":true}]}}