{"id":7331,"date":"2013-07-12T18:50:46","date_gmt":"2013-07-12T16:50:46","guid":{"rendered":"http:\/\/www.ades-grenoble.org\/wordpress\/?p=7331"},"modified":"2013-07-12T18:50:46","modified_gmt":"2013-07-12T16:50:46","slug":"les-retombees-de-tchernobyl-ca-se-corse","status":"publish","type":"post","link":"https:\/\/www.ades-grenoble.org\/wordpress\/2013\/07\/12\/les-retombees-de-tchernobyl-ca-se-corse\/","title":{"rendered":"Les retomb\u00e9es de Tchernobyl, \u00e7a se corse !"},"content":{"rendered":"<p><img loading=\"lazy\" decoding=\"async\" class=\"alignleft size-thumbnail wp-image-6175\" alt=\"NucleaireSTOP\" src=\"http:\/\/www.ades-grenoble.org\/wordpress\/wp-content\/uploads\/2012\/10\/NucleaireSTOP-150x143.jpg\" width=\"150\" height=\"143\" srcset=\"https:\/\/www.ades-grenoble.org\/wordpress\/wp-content\/uploads\/2012\/10\/NucleaireSTOP-150x143.jpg 150w, https:\/\/www.ades-grenoble.org\/wordpress\/wp-content\/uploads\/2012\/10\/NucleaireSTOP.jpg 157w\" sizes=\"auto, (max-width: 150px) 100vw, 150px\" \/>Le ministre de l\u2019environnement en 1986 avait affirm\u00e9 que le nuage de Tchernobyl s\u2019\u00e9tait arr\u00eat\u00e9 aux fronti\u00e8res. Ce ministre s\u2019appelait A. Carignon\u00a0! Depuis des \u00e9tudes \u00e9pid\u00e9miologiques essayaient de trouver les cons\u00e9quences sur la sant\u00e9 des retomb\u00e9es radioactives. Une tr\u00e8s vaste \u00e9tude europ\u00e9enne avait d\u00e9j\u00e0 point\u00e9 l\u2019existence d\u2019une corr\u00e9lation entre le degr\u00e9 d\u2019exposition des pays europ\u00e9ens au nuage radioactif et l\u2019augmentation des pathologies thyro\u00efdiennes.<\/p>\n<p>Mais en France et notamment en Corse le discours officiel consistait \u00e0 nier toute cons\u00e9quence du passage du nuage. Comme le dit le rapport de la commission lors de la r\u00e9union de l\u2019assembl\u00e9e de Corse du 4 juillet\u00a0:<\/p>\n<p>\u00ab\u00a0Alors que notre \u00eele a \u00e9t\u00e9 l\u2019une des r\u00e9gions fran\u00e7aises les plus expos\u00e9es aux retomb\u00e9es du nuage ukrainien, le manque de r\u00e9activit\u00e9 des autorit\u00e9s comp\u00e9tentes d\u2019abord, qui a \u00e9t\u00e9 dans les suites imm\u00e9diates un mensonge d\u2019\u00e9tat, l\u2019absence de donn\u00e9es pr\u00e9cises indiquant la r\u00e9alit\u00e9 de cette contamination, les carences enfin \u2013pour ne pas dire plus- des enqu\u00eates effectu\u00e9es par les organismes officiels avaient cr\u00e9\u00e9 une situation d\u00e9l\u00e9t\u00e8re de confusion et pol\u00e9miques&#8230;\u00a0\u00bb<\/p>\n<p>L\u2019assembl\u00e9e de Corse a d\u00e9cid\u00e9 en 2011 de lancer une \u00e9tude approfondie sur l\u2019impact de Tchernobyl en Corse, elle a \u00e9t\u00e9 confi\u00e9e \u00e0 une \u00e9quipe italienne de haut niveau qui a d\u00e9pouill\u00e9 14\u00a0000 dossiers m\u00e9dicaux.<\/p>\n<p><!--more--><\/p>\n<h3>Conclusion de cette \u00e9tude pour la Corse<\/h3>\n<p>\u00ab\u00a0R\u00e9sultats fondamentaux de l\u2019\u00e9tude de phase 1<\/p>\n<ul>\n<li>Corr\u00e9lation observ\u00e9e entre l\u2019augmentation des pathologies thyro\u00efdiennes et le niveau d\u2019exposition au nuage de Tchernobyl<\/li>\n<li>Augmentation des pathologies thyro\u00efdiennes chez les hommes corses expos\u00e9s au nuage<\/li>\n<li>Augmentation des thyro\u00efdites chez les femmes corses expos\u00e9es au nuage<\/li>\n<li>Puissance de l\u2019\u00e9chantillon suffisante pour produire des r\u00e9sultats significatifs pour la plupart des groupes de population observ\u00e9e\u00a0\u00bb<\/li>\n<\/ul>\n<p>La phase 2 conclue\u00a0: \u00ab\u00a0R\u00e9sultats fondamentaux de l\u2019\u00e9tude sur les enfants<\/p>\n<ul>\n<li>Augmentation des thyro\u00efdites et ad\u00e9nomes b\u00e9nins chez les enfants corses expos\u00e9s au nuage<\/li>\n<li>Augmentation chez les enfants des leuc\u00e9mies aigu\u00ebs et des cas d\u2019hypothyro\u00efdisme, mais pas statistiquement significative<\/li>\n<li>Puissance de l\u2019\u00e9chantillon insuffisante pour produire des r\u00e9sultats significatifs pour la plupart des groupes de population observ\u00e9e\u00a0\u00bb<\/li>\n<\/ul>\n<p>Acc\u00e9der \u00e0 l\u2019ensemble du rapport d\u2019expertise sur \u00ab\u00a0<a href=\"http:\/\/www.corse.fr\/Consultez-le-rapport-final-relatif-a-l-enquete-epidemiologique-retroactive-concernant-les-consequences-du-nuage-de_a4221.html\" target=\"_blank\">Enqu\u00eate \u00e9pid\u00e9miologique r\u00e9troactive concernant les cons\u00e9quences du nuage de Tchernobyl sur les populations de Corse<\/a>\u00a0\u00bb<\/p>\n","protected":false},"excerpt":{"rendered":"<p>Le ministre de l\u2019environnement en 1986 avait affirm\u00e9 que le nuage de Tchernobyl s\u2019\u00e9tait arr\u00eat\u00e9 aux fronti\u00e8res. Ce ministre s\u2019appelait A. Carignon\u00a0! Depuis des \u00e9tudes \u00e9pid\u00e9miologiques essayaient de trouver les cons\u00e9quences sur la sant\u00e9 des retomb\u00e9es radioactives. Une tr\u00e8s vaste \u00e9tude europ\u00e9enne avait d\u00e9j\u00e0 point\u00e9 l\u2019existence d\u2019une corr\u00e9lation entre le degr\u00e9 d\u2019exposition des pays europ\u00e9ens [&hellip;]<\/p>\n","protected":false},"author":1,"featured_media":0,"comment_status":"closed","ping_status":"open","sticky":false,"template":"","format":"standard","meta":{"twitterCardType":"","cardImageID":0,"cardImage":"","cardTitle":"","cardDesc":"","cardImageAlt":"","cardPlayer":"","cardPlayerWidth":0,"cardPlayerHeight":0,"cardPlayerStream":"","cardPlayerCodec":"","footnotes":""},"categories":[11],"tags":[29,64],"class_list":["post-7331","post","type-post","status-publish","format-standard","hentry","category-politique-locale","tag-carignon","tag-nucleaire"],"_links":{"self":[{"href":"https:\/\/www.ades-grenoble.org\/wordpress\/wp-json\/wp\/v2\/posts\/7331","targetHints":{"allow":["GET"]}}],"collection":[{"href":"https:\/\/www.ades-grenoble.org\/wordpress\/wp-json\/wp\/v2\/posts"}],"about":[{"href":"https:\/\/www.ades-grenoble.org\/wordpress\/wp-json\/wp\/v2\/types\/post"}],"author":[{"embeddable":true,"href":"https:\/\/www.ades-grenoble.org\/wordpress\/wp-json\/wp\/v2\/users\/1"}],"replies":[{"embeddable":true,"href":"https:\/\/www.ades-grenoble.org\/wordpress\/wp-json\/wp\/v2\/comments?post=7331"}],"version-history":[{"count":2,"href":"https:\/\/www.ades-grenoble.org\/wordpress\/wp-json\/wp\/v2\/posts\/7331\/revisions"}],"predecessor-version":[{"id":7333,"href":"https:\/\/www.ades-grenoble.org\/wordpress\/wp-json\/wp\/v2\/posts\/7331\/revisions\/7333"}],"wp:attachment":[{"href":"https:\/\/www.ades-grenoble.org\/wordpress\/wp-json\/wp\/v2\/media?parent=7331"}],"wp:term":[{"taxonomy":"category","embeddable":true,"href":"https:\/\/www.ades-grenoble.org\/wordpress\/wp-json\/wp\/v2\/categories?post=7331"},{"taxonomy":"post_tag","embeddable":true,"href":"https:\/\/www.ades-grenoble.org\/wordpress\/wp-json\/wp\/v2\/tags?post=7331"}],"curies":[{"name":"wp","href":"https:\/\/api.w.org\/{rel}","templated":true}]}}