{"id":7334,"date":"2013-07-12T18:52:33","date_gmt":"2013-07-12T16:52:33","guid":{"rendered":"http:\/\/www.ades-grenoble.org\/wordpress\/?p=7334"},"modified":"2013-07-12T18:52:33","modified_gmt":"2013-07-12T16:52:33","slug":"urbanisme-toujours-plus-haut-et-plus-cher","status":"publish","type":"post","link":"https:\/\/www.ades-grenoble.org\/wordpress\/2013\/07\/12\/urbanisme-toujours-plus-haut-et-plus-cher\/","title":{"rendered":"Urbanisme toujours plus haut et plus cher"},"content":{"rendered":"<p>Au carrefour du Cours de la Lib\u00e9ration et de la rue des Alli\u00e9s (au point dit de convergence dans le PLU), un promoteur priv\u00e9 se propose de construire une tour de 50 m\u00e8tres de haut (R+16 \u00e9tages) avec plus de 90 appartements. Comme le dit sans rire l\u2019adjoint \u00e0 l\u2019immobilier\u00a0: \u00ab\u00a0La hauteur\u00a0? Elle est dans les g\u00e8nes de Grenoble, c\u2019est la montagne\u00a0\u00bb\u00a0! Une r\u00e9union publique tr\u00e8s mal annonc\u00e9e a tout de m\u00eame attir\u00e9 une centaine d\u2019habitants oppos\u00e9s \u00e0 ce projet qui agresse directement des petites maisons et petits immeubles voisins.<\/p>\n<p><!--more-->Un tel projet n\u2019est pas acceptable car il ne respecte pas le voisinage et ce type d\u2019immeuble conduit n\u00e9cessairement \u00e0 des appartements tr\u00e8s chers. Les questions thermiques seront difficiles \u00e0 maitriser pour un immeuble aussi fin et aussi haut. La ville peut surseoir \u00e0 ce projet au pr\u00e9texte d\u2019une r\u00e9vision g\u00e9n\u00e9rale du PLU en cours. La nouvelle \u00e9quipe municipale devra reprendre \u00e0 z\u00e9ro une politique d\u2019urbanisme, qui a privil\u00e9gi\u00e9 la main mise des promoteurs priv\u00e9s au cadre de vie, politique qui n\u2019est plus accept\u00e9e par les habitants.<\/p>\n","protected":false},"excerpt":{"rendered":"<p>Au carrefour du Cours de la Lib\u00e9ration et de la rue des Alli\u00e9s (au point dit de convergence dans le PLU), un promoteur priv\u00e9 se propose de construire une tour de 50 m\u00e8tres de haut (R+16 \u00e9tages) avec plus de 90 appartements. Comme le dit sans rire l\u2019adjoint \u00e0 l\u2019immobilier\u00a0: \u00ab\u00a0La hauteur\u00a0? Elle est dans [&hellip;]<\/p>\n","protected":false},"author":1,"featured_media":0,"comment_status":"closed","ping_status":"open","sticky":false,"template":"","format":"standard","meta":{"twitterCardType":"","cardImageID":0,"cardImage":"","cardTitle":"","cardDesc":"","cardImageAlt":"","cardPlayer":"","cardPlayerWidth":0,"cardPlayerHeight":0,"cardPlayerStream":"","cardPlayerCodec":"","footnotes":""},"categories":[11],"tags":[65],"class_list":["post-7334","post","type-post","status-publish","format-standard","hentry","category-politique-locale","tag-urbanisme"],"_links":{"self":[{"href":"https:\/\/www.ades-grenoble.org\/wordpress\/wp-json\/wp\/v2\/posts\/7334","targetHints":{"allow":["GET"]}}],"collection":[{"href":"https:\/\/www.ades-grenoble.org\/wordpress\/wp-json\/wp\/v2\/posts"}],"about":[{"href":"https:\/\/www.ades-grenoble.org\/wordpress\/wp-json\/wp\/v2\/types\/post"}],"author":[{"embeddable":true,"href":"https:\/\/www.ades-grenoble.org\/wordpress\/wp-json\/wp\/v2\/users\/1"}],"replies":[{"embeddable":true,"href":"https:\/\/www.ades-grenoble.org\/wordpress\/wp-json\/wp\/v2\/comments?post=7334"}],"version-history":[{"count":2,"href":"https:\/\/www.ades-grenoble.org\/wordpress\/wp-json\/wp\/v2\/posts\/7334\/revisions"}],"predecessor-version":[{"id":7336,"href":"https:\/\/www.ades-grenoble.org\/wordpress\/wp-json\/wp\/v2\/posts\/7334\/revisions\/7336"}],"wp:attachment":[{"href":"https:\/\/www.ades-grenoble.org\/wordpress\/wp-json\/wp\/v2\/media?parent=7334"}],"wp:term":[{"taxonomy":"category","embeddable":true,"href":"https:\/\/www.ades-grenoble.org\/wordpress\/wp-json\/wp\/v2\/categories?post=7334"},{"taxonomy":"post_tag","embeddable":true,"href":"https:\/\/www.ades-grenoble.org\/wordpress\/wp-json\/wp\/v2\/tags?post=7334"}],"curies":[{"name":"wp","href":"https:\/\/api.w.org\/{rel}","templated":true}]}}