{"id":7340,"date":"2013-07-12T19:05:49","date_gmt":"2013-07-12T17:05:49","guid":{"rendered":"http:\/\/www.ades-grenoble.org\/wordpress\/?p=7340"},"modified":"2013-07-12T19:05:49","modified_gmt":"2013-07-12T17:05:49","slug":"finances-de-grenoble-de-1982-a-2012","status":"publish","type":"post","link":"https:\/\/www.ades-grenoble.org\/wordpress\/2013\/07\/12\/finances-de-grenoble-de-1982-a-2012\/","title":{"rendered":"Finances de Grenoble de 1982 \u00e0 2012"},"content":{"rendered":"<p>L\u2019ancien maire, A. Carignon n\u2019a pas honte de pr\u00e9senter un bilan mirifique de ses 12 ans de mandat (1983-1995) qui se sont termin\u00e9s par la case prison suite \u00e0 sa condamnation pour corruption. Il est facile 20 ans apr\u00e8s, de faire croire que tout \u00e9tait beau et que les Grenoblois vivaient des moments idylliques \u00e0 cette \u00e9poque, si on ne pr\u00e9cise pas comment et qui a en a fait les frais. Les Grenoblois ont pay\u00e9 cette p\u00e9riode au prix fort et n\u2019ont toujours pas fini de payer la furie d\u00e9pensi\u00e8re de ce maire fabuleux. Ce dernier expliquait que le creusement de la dette \u00e9tait la cons\u00e9quence de l\u2019effort in\u00e9dit d\u2019investissements. Il s\u2019agit bien entendu d\u2019un gros mensonge. De 1983 \u00e0 1995 la dette a augment\u00e9 d\u2019environ 150 millions d\u2019euros\u00a0(voir graphique), mais sur ces 150 M\u20ac, les 2\/3 sont dus \u00e0 une augmentation fr\u00e9n\u00e9tique des d\u00e9penses de fonctionnement.<\/p>\n<p><img loading=\"lazy\" decoding=\"async\" class=\"aligncenter size-full wp-image-7341\" alt=\"Grenoble1982-2012BPdette\" src=\"http:\/\/www.ades-grenoble.org\/wordpress\/wp-content\/uploads\/2013\/07\/Grenoble1982-2012BPdette.jpg\" width=\"753\" height=\"451\" srcset=\"https:\/\/www.ades-grenoble.org\/wordpress\/wp-content\/uploads\/2013\/07\/Grenoble1982-2012BPdette.jpg 753w, https:\/\/www.ades-grenoble.org\/wordpress\/wp-content\/uploads\/2013\/07\/Grenoble1982-2012BPdette-150x89.jpg 150w, https:\/\/www.ades-grenoble.org\/wordpress\/wp-content\/uploads\/2013\/07\/Grenoble1982-2012BPdette-300x179.jpg 300w\" sizes=\"auto, (max-width: 753px) 100vw, 753px\" \/><!--more-->L\u2019argent public coulait \u00e0 flot, \u00e0 tel point que les budgets municipaux devenaient totalement ill\u00e9gaux puisque certains (1989 et 1990) ont pr\u00e9sent\u00e9 de l\u2019\u00e9pargne brute n\u00e9gative ce qui est strictement interdit (voir note \u00e0 la fin).<\/p>\n<p style=\"padding-left: 30px;\">D\u00e9finitions de l\u2019\u00e9pargne pour une collectivit\u00e9\u00a0:<\/p>\n<ul>\n<li>Epargne de gestion = diff\u00e9rence entre recettes de fonctionnement et d\u00e9penses de fonctionnement diminu\u00e9es des int\u00e9r\u00eats de la dette.<\/li>\n<li>Epargne brute = \u00e9pargne de gestion, moins les int\u00e9r\u00eats de la dette. L\u2019\u00e9pargne brute est vers\u00e9e aux recettes d\u2019investissements, elle doit \u00eatre toujours strictement positive.<\/li>\n<li>Epargne nette = \u00e9pargne brute moins le remboursement du capital de la dette. Si l\u2019\u00e9pargne nette est n\u00e9gative cela signifie qu\u2019on emprunte pour rembourser la dette, ce qui n\u2019est pas une saine gestion.<\/li>\n<\/ul>\n<p>Pour visualiser la mauvaise gestion durant cette p\u00e9riode, le graphique suivant montre l\u2019\u00e9volution de l\u2019\u00e9pargne nette de 1982 \u00e0 2012, soit 30 ans de gestion municipale.<\/p>\n<p><img loading=\"lazy\" decoding=\"async\" class=\"aligncenter size-full wp-image-7342\" alt=\"Grenoble1982-2012BPepargneNette\" src=\"http:\/\/www.ades-grenoble.org\/wordpress\/wp-content\/uploads\/2013\/07\/Grenoble1982-2012BPepargneNette.jpg\" width=\"753\" height=\"513\" srcset=\"https:\/\/www.ades-grenoble.org\/wordpress\/wp-content\/uploads\/2013\/07\/Grenoble1982-2012BPepargneNette.jpg 753w, https:\/\/www.ades-grenoble.org\/wordpress\/wp-content\/uploads\/2013\/07\/Grenoble1982-2012BPepargneNette-150x102.jpg 150w, https:\/\/www.ades-grenoble.org\/wordpress\/wp-content\/uploads\/2013\/07\/Grenoble1982-2012BPepargneNette-300x204.jpg 300w\" sizes=\"auto, (max-width: 753px) 100vw, 753px\" \/><\/p>\n<p>Quand il s\u2019est aper\u00e7u (bien tard) de la d\u00e9t\u00e9rioration de la situation financi\u00e8re, le corrompu a donn\u00e9 un coup de frein et a th\u00e9oris\u00e9 cela en d\u00e9veloppant le concept de ville maigre. Il a \u00e0 la fois cr\u00e9\u00e9 un nouvel imp\u00f4t intercommunal (la ville ne subventionnait plus le SIEPARG : Syndicat Intercommunal d\u2019Etudes de Programmation et d\u2019Am\u00e9nagement de la R\u00e9gion Grenobloise, l\u2019anc\u00eatre de la M\u00e9tro, mais n\u2019a pas baiss\u00e9 ses imp\u00f4ts) et diminu\u00e9 les d\u00e9penses de fonctionnement, pour arr\u00eater d\u2019augmenter la dette qui \u00e9touffait la ville.<\/p>\n<p>Il a r\u00e9ussi ce tour de force de diminuer le service rendu tout en augmentant les imp\u00f4ts\u00a0!!! En 1983 les imp\u00f4ts couvraient 50 % des d\u00e9penses de fonctionnement et en 1995, ils d\u00e9passaient les 72 %. Ce rapport est revenu \u00e0 51 % actuellement.<\/p>\n<p><img loading=\"lazy\" decoding=\"async\" class=\"aligncenter  wp-image-7343\" alt=\"Grenoble1982-2012BPimpotsDepensesFonct\" src=\"http:\/\/www.ades-grenoble.org\/wordpress\/wp-content\/uploads\/2013\/07\/Grenoble1982-2012BPimpotsDepensesFonct.jpg\" width=\"786\" height=\"434\" srcset=\"https:\/\/www.ades-grenoble.org\/wordpress\/wp-content\/uploads\/2013\/07\/Grenoble1982-2012BPimpotsDepensesFonct.jpg 983w, https:\/\/www.ades-grenoble.org\/wordpress\/wp-content\/uploads\/2013\/07\/Grenoble1982-2012BPimpotsDepensesFonct-150x82.jpg 150w, https:\/\/www.ades-grenoble.org\/wordpress\/wp-content\/uploads\/2013\/07\/Grenoble1982-2012BPimpotsDepensesFonct-300x165.jpg 300w\" sizes=\"auto, (max-width: 786px) 100vw, 786px\" \/><\/p>\n<p>Les Grenoblois peuvent donc appr\u00e9cier ce qu\u2019ils doivent \u00e0 la gestion de 12 ann\u00e9es de droite\u00a0: une forte augmentation des imp\u00f4ts, une dette tr\u00e8s lourde et des services publics pass\u00e9s au priv\u00e9 et dont certains le sont toujours faute de volont\u00e9 politique de la part de M. Destot.<\/p>\n<p>En 1995, la majorit\u00e9 de gauche et \u00e9cologiste a mis un peu plus de 3 ans pour r\u00e9\u00e9quilibrer les budgets gr\u00e2ce \u00e0 une gestion \u00e9conome, sans augmenter les taux des imp\u00f4ts. Ensuite jusqu\u2019en 2008, il y a eu une stabilisation de l\u2019\u00e9pargne nette l\u00e9g\u00e8rement positive. A partir de 2009, \u00e0 cause de la violente augmentation des imp\u00f4ts locaux par la nouvelle majorit\u00e9 gauche-droite, l\u2019\u00e9pargne nette a augment\u00e9 brutalement. Ceci a donn\u00e9 de grandes facilit\u00e9s de gestion \u00e0 la nouvelle majorit\u00e9 et l\u2019a malheureusement dispens\u00e9 de mener les politiques d\u2019\u00e9conomie d\u2019argent public qui auraient permis de ne pas augmenter les taux des imp\u00f4ts. Jamais depuis plus de 30 ans la situation financi\u00e8re n\u2019a \u00e9t\u00e9 aussi bonne mais les Grenoblois le payent cher. Les imp\u00f4ts locaux \u00e9tant tr\u00e8s injustes, les classes populaires et moyennes sont mises \u00e0 contribution et voient leur pouvoir d\u2019achat atteint durablement par cette politique d\u2019aust\u00e9rit\u00e9, d\u2019autant plus que la M\u00e9tro s\u2019y est mise avec la cr\u00e9ation de la fiscalit\u00e9 mixte et l\u2019augmentation tr\u00e8s importante de la TEOM (Taxe d\u2019Enl\u00e8vement des Ordures M\u00e9nag\u00e8res) particuli\u00e8rement \u00e0 Grenoble.<\/p>\n<p style=\"padding-left: 30px;\"><em>Note sur les budgets ill\u00e9gaux de MM. Carignon, Gascon et Betto (alli\u00e9 depuis 2008 de M. Destot), annul\u00e9s par le juge administratif avec de 4 \u00e0 6 ans de retard<\/em><\/p>\n<ul>\n<li><em>annulation du Budget primitif 1992 pour le budget principal et les budgets annexes de la commune de Grenoble, jugement du TA de Grenoble, 12 septembre 1996, Avrillier, n\u00b0 92 647, 92 648 ;<\/em><\/li>\n<li><em>annulation du Compte administratif 1991 pour le budget principal et les budgets annexes de la commune de Grenoble, jugement du TA de Grenoble, 30 mai 1996, Avrillier, n\u00b0 92 2980 et 92 2981 ;<\/em><\/li>\n<li><em>annulation du Compte administratif 1993 pour le budget principal et les budgets annexes de la commune de Grenoble, jugement du TA de Grenoble, 17 mars 1999, Avrillier, n\u00b0 94 2716, en ex\u00e9cution duquel je vous demande de saisir le conseil municipal<\/em><\/li>\n<\/ul>\n","protected":false},"excerpt":{"rendered":"<p>L\u2019ancien maire, A. Carignon n\u2019a pas honte de pr\u00e9senter un bilan mirifique de ses 12 ans de mandat (1983-1995) qui se sont termin\u00e9s par la case prison suite \u00e0 sa condamnation pour corruption. Il est facile 20 ans apr\u00e8s, de faire croire que tout \u00e9tait beau et que les Grenoblois vivaient des moments idylliques \u00e0 [&hellip;]<\/p>\n","protected":false},"author":1,"featured_media":0,"comment_status":"closed","ping_status":"open","sticky":false,"template":"","format":"standard","meta":{"twitterCardType":"","cardImageID":0,"cardImage":"","cardTitle":"","cardDesc":"","cardImageAlt":"","cardPlayer":"","cardPlayerWidth":0,"cardPlayerHeight":0,"cardPlayerStream":"","cardPlayerCodec":"","footnotes":""},"categories":[11],"tags":[47,29,30,48,19,26],"class_list":["post-7340","post","type-post","status-publish","format-standard","hentry","category-politique-locale","tag-budget-alternatif","tag-carignon","tag-corrompu","tag-fiscalite-mixte","tag-impots","tag-teom"],"_links":{"self":[{"href":"https:\/\/www.ades-grenoble.org\/wordpress\/wp-json\/wp\/v2\/posts\/7340","targetHints":{"allow":["GET"]}}],"collection":[{"href":"https:\/\/www.ades-grenoble.org\/wordpress\/wp-json\/wp\/v2\/posts"}],"about":[{"href":"https:\/\/www.ades-grenoble.org\/wordpress\/wp-json\/wp\/v2\/types\/post"}],"author":[{"embeddable":true,"href":"https:\/\/www.ades-grenoble.org\/wordpress\/wp-json\/wp\/v2\/users\/1"}],"replies":[{"embeddable":true,"href":"https:\/\/www.ades-grenoble.org\/wordpress\/wp-json\/wp\/v2\/comments?post=7340"}],"version-history":[{"count":1,"href":"https:\/\/www.ades-grenoble.org\/wordpress\/wp-json\/wp\/v2\/posts\/7340\/revisions"}],"predecessor-version":[{"id":7344,"href":"https:\/\/www.ades-grenoble.org\/wordpress\/wp-json\/wp\/v2\/posts\/7340\/revisions\/7344"}],"wp:attachment":[{"href":"https:\/\/www.ades-grenoble.org\/wordpress\/wp-json\/wp\/v2\/media?parent=7340"}],"wp:term":[{"taxonomy":"category","embeddable":true,"href":"https:\/\/www.ades-grenoble.org\/wordpress\/wp-json\/wp\/v2\/categories?post=7340"},{"taxonomy":"post_tag","embeddable":true,"href":"https:\/\/www.ades-grenoble.org\/wordpress\/wp-json\/wp\/v2\/tags?post=7340"}],"curies":[{"name":"wp","href":"https:\/\/api.w.org\/{rel}","templated":true}]}}