{"id":7351,"date":"2013-08-30T20:50:59","date_gmt":"2013-08-30T18:50:59","guid":{"rendered":"http:\/\/www.ades-grenoble.org\/wordpress\/?p=7351"},"modified":"2013-08-30T20:50:59","modified_gmt":"2013-08-30T18:50:59","slug":"conference-debat-a-40-ans-du-coup-detat-chilien","status":"publish","type":"post","link":"https:\/\/www.ades-grenoble.org\/wordpress\/2013\/08\/30\/conference-debat-a-40-ans-du-coup-detat-chilien\/","title":{"rendered":"Conf\u00e9rence-d\u00e9bat, \u00e0 40 ans du coup d&rsquo;Etat chilien"},"content":{"rendered":"<p>Le Collectif is\u00e9rois \u00ab\u00a0Chili 1973-2013, M\u00e9moires et R\u00e9sistances\u00a0\u00bb organise le Mercredi 4 septembre 2013 \u00e0 20H, \u00e0 la Maison des Associations une rencontre-d\u00e9bat sur le th\u00e8me\u00a0: Mille jours qui \u00e9branl\u00e8rent le monde.<\/p>\n<ul>\n<li>en pr\u00e9sence de Pedro Vasquez, enseignant et exil\u00e9 politique\u00a0chilien<\/li>\n<li>Avec Franck Gaudichaud (Maitre de conf\u00e9rence \u00e0 l\u2019Universit\u00e9 Stendhal Grenoble3 et co-pr\u00e9sident de France Am\u00e9rique Latine) autour de ses deux ouvrages\u00a0:\n<ul>\n<li>Chili 1970-1973. Mille jours qui \u00e9branl\u00e8rent le monde, Presses Universitaires de Rennes<\/li>\n<li>\u00a1Venceremos! Documents et analyse sur le pouvoir populaire au Chili, Syllepse<\/li>\n<\/ul>\n<\/li>\n<\/ul>\n<p><!--more-->Ces deux livres explorent la dynamique du \u00ab\u00a0pouvoir populaire\u00a0\u00bb sous le gouvernement de Salvador Allende, une histoire \u00ab\u00a0par en bas\u00a0\u00bb, \u00e0 partir des mobilisations ouvri\u00e8res, des formes de \u00ab\u00a0pouvoir populaire\u00a0\u00bb mises en place par le mouvement social (organisations de ravitaillement, comit\u00e9s de voisins, Cordons industriels&#8230;). Ils s\u2019int\u00e9ressent \u00e9galement aux d\u00e9bats strat\u00e9giques de la gauche chilienne. Bas\u00e9es sur plusieurs enqu\u00eates de terrain, t\u00e9moignages et archives, ces deux publications permettent de renouveler notre compr\u00e9hension de cet \u00e9pisode fondamental de l\u2019histoire du vingti\u00e8me si\u00e8cle et ouvrent aussi de nouvelles pistes d\u2019interpr\u00e9tation quant aux \u00e9v\u00e9nements qui ont conduit &#8211; il y a tout juste 40 ans &#8211; au coup d\u2019Etat du 11 septembre 1973.<\/p>\n","protected":false},"excerpt":{"rendered":"<p>Le Collectif is\u00e9rois \u00ab\u00a0Chili 1973-2013, M\u00e9moires et R\u00e9sistances\u00a0\u00bb organise le Mercredi 4 septembre 2013 \u00e0 20H, \u00e0 la Maison des Associations une rencontre-d\u00e9bat sur le th\u00e8me\u00a0: Mille jours qui \u00e9branl\u00e8rent le monde. en pr\u00e9sence de Pedro Vasquez, enseignant et exil\u00e9 politique\u00a0chilien Avec Franck Gaudichaud (Maitre de conf\u00e9rence \u00e0 l\u2019Universit\u00e9 Stendhal Grenoble3 et co-pr\u00e9sident de France [&hellip;]<\/p>\n","protected":false},"author":1,"featured_media":0,"comment_status":"closed","ping_status":"open","sticky":false,"template":"","format":"standard","meta":{"twitterCardType":"","cardImageID":0,"cardImage":"","cardTitle":"","cardDesc":"","cardImageAlt":"","cardPlayer":"","cardPlayerWidth":0,"cardPlayerHeight":0,"cardPlayerStream":"","cardPlayerCodec":"","footnotes":""},"categories":[11],"tags":[125],"class_list":["post-7351","post","type-post","status-publish","format-standard","hentry","category-politique-locale","tag-agenda"],"_links":{"self":[{"href":"https:\/\/www.ades-grenoble.org\/wordpress\/wp-json\/wp\/v2\/posts\/7351","targetHints":{"allow":["GET"]}}],"collection":[{"href":"https:\/\/www.ades-grenoble.org\/wordpress\/wp-json\/wp\/v2\/posts"}],"about":[{"href":"https:\/\/www.ades-grenoble.org\/wordpress\/wp-json\/wp\/v2\/types\/post"}],"author":[{"embeddable":true,"href":"https:\/\/www.ades-grenoble.org\/wordpress\/wp-json\/wp\/v2\/users\/1"}],"replies":[{"embeddable":true,"href":"https:\/\/www.ades-grenoble.org\/wordpress\/wp-json\/wp\/v2\/comments?post=7351"}],"version-history":[{"count":2,"href":"https:\/\/www.ades-grenoble.org\/wordpress\/wp-json\/wp\/v2\/posts\/7351\/revisions"}],"predecessor-version":[{"id":7353,"href":"https:\/\/www.ades-grenoble.org\/wordpress\/wp-json\/wp\/v2\/posts\/7351\/revisions\/7353"}],"wp:attachment":[{"href":"https:\/\/www.ades-grenoble.org\/wordpress\/wp-json\/wp\/v2\/media?parent=7351"}],"wp:term":[{"taxonomy":"category","embeddable":true,"href":"https:\/\/www.ades-grenoble.org\/wordpress\/wp-json\/wp\/v2\/categories?post=7351"},{"taxonomy":"post_tag","embeddable":true,"href":"https:\/\/www.ades-grenoble.org\/wordpress\/wp-json\/wp\/v2\/tags?post=7351"}],"curies":[{"name":"wp","href":"https:\/\/api.w.org\/{rel}","templated":true}]}}