{"id":7366,"date":"2013-08-30T21:06:55","date_gmt":"2013-08-30T19:06:55","guid":{"rendered":"http:\/\/www.ades-grenoble.org\/wordpress\/?p=7366"},"modified":"2013-08-30T21:27:17","modified_gmt":"2013-08-30T19:27:17","slug":"debats-au-front-de-gauche-sur-les-municipales","status":"publish","type":"post","link":"https:\/\/www.ades-grenoble.org\/wordpress\/2013\/08\/30\/debats-au-front-de-gauche-sur-les-municipales\/","title":{"rendered":"D\u00e9bats au Front de Gauche sur les municipales"},"content":{"rendered":"<p>Comme chaque ann\u00e9e, le Parti de Gauche (PG) a tenu son Remue-M\u00e9ninges fin ao\u00fbt sur le campus universitaire. Cette ann\u00e9e encore il \u00e9tait suivi des Estivales, l&rsquo;Universit\u00e9 d&rsquo;\u00e9t\u00e9 du Front de Gauche (FDG). Pour rappel\u00a0: le Front de Gauche est nationalement un regroupement de neuf organisations politiques \u00e0 la gauche du PS dont les deux plus importantes sont le PCF et le PG (Parti de Gauche). Le Front de Gauche comprend aussi en Is\u00e8re : la Gauche Unitaire (GU), Pour une Alternative \u00e0 Gauche (PAG38), le\u00a0PCOF (Parti Communiste Ouvrier de France) et la Gauche Anticapitaliste (GA).<\/p>\n<p>En ao\u00fbt, le secr\u00e9taire national du PCF a mis les pieds dans le plat en appelant \u00e0 la constitution de listes d&rsquo;union de toute la gauche d\u00e8s le 1er tour pour les municipales de 2014, alors que jusqu\u2019\u00e0 pr\u00e9sent l\u2019ensemble du Front de Gauche \u00e9tait plut\u00f4t pour une pr\u00e9sence autonome au 1er tour pour bien se distinguer du PS avec lequel il est en d\u00e9saccord complet sur la politique gouvernementale. Cette prise de position en faveur d\u2019accords d\u00e8s le 1er tour est sans doute motiv\u00e9e par la n\u00e9cessit\u00e9 qu&rsquo;ont l\u2019appareil et les \u00e9lus PC de renouveler leurs mandats, ceux-ci offrant la possibilit\u00e9 d&rsquo;un financement indispensable au d\u00e9veloppement de la structure du plus vieux parti de France. La base, elle, est peut \u00eatre plus critique et devra se d\u00e9terminer par un vote interne courant octobre.<\/p>\n<p><!--more-->Le PC grenoblois a toujours pass\u00e9 des accords d\u2019agglom\u00e9ration et de non agression avec le PS afin de conserver les mairies d&rsquo;Echirolles, de Saint Martin d\u2019H\u00e8res et de Fontaine, qui sont la base de son implantation locale. Une sorte de Yalta d&rsquo;agglom\u00e9ration voyant le PS dire au PC : \u00ab\u00a0A moi la ville centre, \u00e0 vous les p\u00e9riph\u00e9riques\u00a0\u00bb. En guise de contreparties r\u00e9ciproques, le PS, ne cherchait pas, jusqu&rsquo;\u00e0 pr\u00e9sent, \u00e0 r\u00e9ellement gagner les mairies PC et, le PC grenoblois n&rsquo;offrait alors qu&rsquo;une r\u00e9sistance politique formelle en participant d\u00e8s le premier tour aux listes du PS grenoblois. En 2008 d&rsquo;ailleurs le PC de Grenoble, contre l\u2019avis de sa base, avait accept\u00e9 ainsi de faire alliance avec le PS et une partie de la droite.<\/p>\n<p>Pour des raisons \u00e9videntes de coh\u00e9rence intellectuelle et de clart\u00e9 politique, le Parti de Gauche est en d\u00e9saccord radical avec cette strat\u00e9gie d\u2019alliance d\u00e8s le 1er tour. Comment avoir un discours s&rsquo;opposant fermement \u00e0 la politique gouvernementale et s\u2019allier d\u00e8s le 1er tour avec le PS localement, gommant ainsi l\u2019identit\u00e9 de gauche critique du Front de Gauche ? C\u2019est pourquoi J.L. M\u00e9lenchon a \u00e9t\u00e9 tr\u00e8s clair lors du meeting de cl\u00f4ture du remue m\u00e9ninges : le PG est pour une pr\u00e9sence autonome par rapport au PS au 1er tour des municipales en s\u2019associant si possible avec d\u2019autres composantes de la gauche, \u00e9cologistes compris, pour peu que ce soit \u00ab\u00a0sur un programme de rupture\u00a0\u00bb.<\/p>\n<p>Il faut savoir \u00e9galement afin de penser les divergences entre le PCF et le PG du moment, que la position du PG quant aux municipales a \u00e9t\u00e9 arr\u00eat\u00e9e lors de son congr\u00e8s, ce qui signifie qu&rsquo;elle ne changera pas, alors que la d\u00e9cision du PC se prend toujours localement du fait de son organisation f\u00e9d\u00e9rale.<\/p>\n<p>Nous avons donc \u00e0 Grenoble deux sc\u00e9narios encore ouverts:<\/p>\n<ul>\n<li>Le Yalta d&rsquo;agglom\u00e9ration explicit\u00e9 ci-dessus pr\u00e9vaut encore en ce qui concerne le PCF grenoblois pour cette \u00e9ch\u00e9ance municipale.<\/li>\n<li>La ligne d&rsquo;autonomie vis \u00e0 vis du PS, et d&rsquo;ouverture \u00e0 d&rsquo;autres organisations, notamment \u00e9cologistes, que le PG, entre autre, soumet \u00e0 l&rsquo;ensemble du FDG. Si elle est choisie par les militants communistes, l&rsquo;ensemble du FDG, sous r\u00e9serve d&rsquo;un programme vraiment \u00e0 gauche, serait peut \u00eatre alors disponible pour la construction d&rsquo;une majorit\u00e9 municipale alternative \u00e0 Grenoble.<\/li>\n<\/ul>\n<p>En conclusion nous pouvons dire \u00e0 cette heure qu&rsquo;il n&rsquo;est pas exclu que certaines composantes du Front de Gauche, voire sa totalit\u00e9, participe de la construction d&rsquo;un large rassemblement avec pour objectif le renversement de l&rsquo;\u00e9quipe municipale actuelle, seul moyen de mettre en \u0153uvre une v\u00e9ritable politique municipale de gauche et \u00e9cologiste.<\/p>\n<p>A suivre\u2026<\/p>\n","protected":false},"excerpt":{"rendered":"<p>Comme chaque ann\u00e9e, le Parti de Gauche (PG) a tenu son Remue-M\u00e9ninges fin ao\u00fbt sur le campus universitaire. Cette ann\u00e9e encore il \u00e9tait suivi des Estivales, l&rsquo;Universit\u00e9 d&rsquo;\u00e9t\u00e9 du Front de Gauche (FDG). Pour rappel\u00a0: le Front de Gauche est nationalement un regroupement de neuf organisations politiques \u00e0 la gauche du PS dont les deux [&hellip;]<\/p>\n","protected":false},"author":1,"featured_media":0,"comment_status":"closed","ping_status":"open","sticky":false,"template":"","format":"standard","meta":{"twitterCardType":"","cardImageID":0,"cardImage":"","cardTitle":"","cardDesc":"","cardImageAlt":"","cardPlayer":"","cardPlayerWidth":0,"cardPlayerHeight":0,"cardPlayerStream":"","cardPlayerCodec":"","footnotes":""},"categories":[11],"tags":[115],"class_list":["post-7366","post","type-post","status-publish","format-standard","hentry","category-politique-locale","tag-municipales-2014"],"_links":{"self":[{"href":"https:\/\/www.ades-grenoble.org\/wordpress\/wp-json\/wp\/v2\/posts\/7366","targetHints":{"allow":["GET"]}}],"collection":[{"href":"https:\/\/www.ades-grenoble.org\/wordpress\/wp-json\/wp\/v2\/posts"}],"about":[{"href":"https:\/\/www.ades-grenoble.org\/wordpress\/wp-json\/wp\/v2\/types\/post"}],"author":[{"embeddable":true,"href":"https:\/\/www.ades-grenoble.org\/wordpress\/wp-json\/wp\/v2\/users\/1"}],"replies":[{"embeddable":true,"href":"https:\/\/www.ades-grenoble.org\/wordpress\/wp-json\/wp\/v2\/comments?post=7366"}],"version-history":[{"count":3,"href":"https:\/\/www.ades-grenoble.org\/wordpress\/wp-json\/wp\/v2\/posts\/7366\/revisions"}],"predecessor-version":[{"id":7385,"href":"https:\/\/www.ades-grenoble.org\/wordpress\/wp-json\/wp\/v2\/posts\/7366\/revisions\/7385"}],"wp:attachment":[{"href":"https:\/\/www.ades-grenoble.org\/wordpress\/wp-json\/wp\/v2\/media?parent=7366"}],"wp:term":[{"taxonomy":"category","embeddable":true,"href":"https:\/\/www.ades-grenoble.org\/wordpress\/wp-json\/wp\/v2\/categories?post=7366"},{"taxonomy":"post_tag","embeddable":true,"href":"https:\/\/www.ades-grenoble.org\/wordpress\/wp-json\/wp\/v2\/tags?post=7366"}],"curies":[{"name":"wp","href":"https:\/\/api.w.org\/{rel}","templated":true}]}}