{"id":7369,"date":"2013-08-30T21:09:32","date_gmt":"2013-08-30T19:09:32","guid":{"rendered":"http:\/\/www.ades-grenoble.org\/wordpress\/?p=7369"},"modified":"2013-08-30T21:09:32","modified_gmt":"2013-08-30T19:09:32","slug":"billet-dhumeur-post-conseil-municipal","status":"publish","type":"post","link":"https:\/\/www.ades-grenoble.org\/wordpress\/2013\/08\/30\/billet-dhumeur-post-conseil-municipal\/","title":{"rendered":"Billet d\u2019humeur post conseil municipal"},"content":{"rendered":"<p>Le conseil municipal du 26 ao\u00fbt, d\u00e9di\u00e9 essentiellement \u00e0 l\u2019int\u00e9gration de nouvelles communes \u00e0 la M\u00e9tro nous a apport\u00e9 quelques expressions tr\u00e8s surprenantes. Une personne par groupe politique a donn\u00e9 le point de vue de son groupe, sauf le Modem de droite qui s\u2019est exprim\u00e9 \u00e0 2 voix pour dire \u00e0 peu pr\u00e8s la m\u00eame chose, \u00e0 une exception pr\u00e8s sur la parit\u00e9.<\/p>\n<p><!--more-->B. Doutriaux s&rsquo;est exprim\u00e9e la premi\u00e8re pour indiquer que son groupe \u00e9tait favorable \u00e0 l&rsquo;arriv\u00e9e de nouvelles communes \u00e0 la M\u00e9tro tout en pr\u00e9cisant que la parit\u00e9 devait faire l\u2019objet de toutes les attentions dans cette nouvelle assembl\u00e9e, car tel n\u2019est pas du tout le cas aujourd\u2019hui, et elle a donn\u00e9 des chiffres \u00e9clairants.<\/p>\n<p>Des propos de femme que Ph.de Longevialle son chef de file a d\u00fb juger insuffisants, tout en intervenant avec les m\u00eame arguments que sa coll\u00e8gue, hormis sur la parit\u00e9.<\/p>\n<p>Dans ce groupe politique compos\u00e9 de 4 individus, l&rsquo;expression d\u2019une femme n\u2019a pas \u00e9t\u00e9 jug\u00e9e suffisamment cr\u00e9dible, un homme-chef de file s\u2019est cru oblig\u00e9 d\u2019en rajouter un peu. A droite, pour que la parole d\u2019une femme soit \u00e9quivalente \u00e0 celle d\u2019un homme, il reste encore beaucoup de chemin \u00e0 parcourir.<\/p>\n<p>Le rapport d\u2019activit\u00e9 de la M\u00e9tro a fait aussi l\u2019objet d\u2019une remarque succulente de JP Motte\u00a0: alors que <a href=\"http:\/\/grenoble-ecologie-solidarite.fr\/\" target=\"_blank\">le groupe \u00ab\u00a0Ecologie et Solidarit\u00e9\u00a0\u00bb<\/a> faisait observer que ce rapport \u00e9tait le premier pr\u00e9sent\u00e9 depuis 2008 (alors qu&rsquo;il doit l&rsquo;\u00eatre chaque ann\u00e9e) le ci-devant vice Pr\u00e9sident de la M\u00e9tro a r\u00e9torqu\u00e9 que le rapport d&rsquo;activit\u00e9 n&rsquo;\u00e9tait pas n\u00e9cessaire dans la mesure o\u00f9 les repr\u00e9sentants de la ville \u00e0 la M\u00e9tro pouvaient eux-m\u00eames fournir les informations requises. Ainsi donc une information \u00e9pisodique sur l&rsquo;action logement de la M\u00e9tro suffit selon JP Motte et sert de compte-rendu annuel de l&rsquo;activit\u00e9 globale de la M\u00e9tro. Quid de l\u2019assainissement, de la collecte des d\u00e9chets, des d\u00e9placements, des pistes cyclables, etc.\u00a0?<\/p>\n<p>Dr\u00f4le de conception de la d\u00e9mocratie\u00a0pour GO Citoyennet\u00e9 dont les \u00e9lus oublient trop souvent que l&rsquo;\u00e9cart entre les discours et les actes est tr\u00e8s dangereux, en politique plus qu&rsquo;ailleurs !<\/p>\n","protected":false},"excerpt":{"rendered":"<p>Le conseil municipal du 26 ao\u00fbt, d\u00e9di\u00e9 essentiellement \u00e0 l\u2019int\u00e9gration de nouvelles communes \u00e0 la M\u00e9tro nous a apport\u00e9 quelques expressions tr\u00e8s surprenantes. Une personne par groupe politique a donn\u00e9 le point de vue de son groupe, sauf le Modem de droite qui s\u2019est exprim\u00e9 \u00e0 2 voix pour dire \u00e0 peu pr\u00e8s la m\u00eame [&hellip;]<\/p>\n","protected":false},"author":1,"featured_media":0,"comment_status":"closed","ping_status":"open","sticky":false,"template":"","format":"standard","meta":{"twitterCardType":"","cardImageID":0,"cardImage":"","cardTitle":"","cardDesc":"","cardImageAlt":"","cardPlayer":"","cardPlayerWidth":0,"cardPlayerHeight":0,"cardPlayerStream":"","cardPlayerCodec":"","footnotes":""},"categories":[11],"tags":[67,32],"class_list":["post-7369","post","type-post","status-publish","format-standard","hentry","category-politique-locale","tag-conseil-municipal","tag-metro"],"_links":{"self":[{"href":"https:\/\/www.ades-grenoble.org\/wordpress\/wp-json\/wp\/v2\/posts\/7369","targetHints":{"allow":["GET"]}}],"collection":[{"href":"https:\/\/www.ades-grenoble.org\/wordpress\/wp-json\/wp\/v2\/posts"}],"about":[{"href":"https:\/\/www.ades-grenoble.org\/wordpress\/wp-json\/wp\/v2\/types\/post"}],"author":[{"embeddable":true,"href":"https:\/\/www.ades-grenoble.org\/wordpress\/wp-json\/wp\/v2\/users\/1"}],"replies":[{"embeddable":true,"href":"https:\/\/www.ades-grenoble.org\/wordpress\/wp-json\/wp\/v2\/comments?post=7369"}],"version-history":[{"count":3,"href":"https:\/\/www.ades-grenoble.org\/wordpress\/wp-json\/wp\/v2\/posts\/7369\/revisions"}],"predecessor-version":[{"id":7372,"href":"https:\/\/www.ades-grenoble.org\/wordpress\/wp-json\/wp\/v2\/posts\/7369\/revisions\/7372"}],"wp:attachment":[{"href":"https:\/\/www.ades-grenoble.org\/wordpress\/wp-json\/wp\/v2\/media?parent=7369"}],"wp:term":[{"taxonomy":"category","embeddable":true,"href":"https:\/\/www.ades-grenoble.org\/wordpress\/wp-json\/wp\/v2\/categories?post=7369"},{"taxonomy":"post_tag","embeddable":true,"href":"https:\/\/www.ades-grenoble.org\/wordpress\/wp-json\/wp\/v2\/tags?post=7369"}],"curies":[{"name":"wp","href":"https:\/\/api.w.org\/{rel}","templated":true}]}}