{"id":7386,"date":"2013-09-06T20:58:00","date_gmt":"2013-09-06T18:58:00","guid":{"rendered":"http:\/\/www.ades-grenoble.org\/wordpress\/?p=7386"},"modified":"2013-09-06T20:58:00","modified_gmt":"2013-09-06T18:58:00","slug":"politique-politicienne-lump-domine-le-marche","status":"publish","type":"post","link":"https:\/\/www.ades-grenoble.org\/wordpress\/2013\/09\/06\/politique-politicienne-lump-domine-le-marche\/","title":{"rendered":"Politique politicienne, l\u2019UMP domine le march\u00e9 !"},"content":{"rendered":"<p>Il n\u2019y a pas un jour o\u00f9 les m\u00e9dias ne parlent de la saga des primaires de l\u2019UMP38, on devrait savoir dans les jours qui viennent si elles sont relanc\u00e9es, c\u2019est le pr\u00e9sident national qui va d\u00e9cider de la poursuite ou non.<\/p>\n<p>Ces derni\u00e8res semaines, l\u2019UMP38 ne roulait que pour A.Carignon. Des tracts diffus\u00e9s dans la ville appellent \u00e0 rejoindre l\u2019UMP38 et ne font r\u00e9f\u00e9rence qu\u2019\u00e0 l\u2019action d\u2019A. Carignon et n\u2019\u00e9voque pas les primaires et les autres candidats. La suspension des primaires a fait r\u00e9agir fortement Max Micoud, ancienne t\u00eate de liste de la droite en 2001.<\/p>\n<p><!--more-->Le deuxi\u00e8me point qui invite \u00e0 penser que l&rsquo;UMP roule pour Carignon est que si la primaire ne devait effectivement pas avoir lieu, c&rsquo;est la commission d&rsquo;investiture nationale de l&rsquo;UMP qui d\u00e9signerait le candidat pour Grenoble. Or l&rsquo;homme-politique-recordman-fran\u00e7ais-du-nombre-de-jours pass\u00e9s-en-prison, si\u00e8ge \u00e0 cette commission d&rsquo;investiture. Un conflit d&rsquo;int\u00e9r\u00eat manifeste dont personne ne doit s&rsquo;inqui\u00e9ter: il est \u00e9vident qu&rsquo;aujourd&rsquo;hui comme hier l&rsquo;homme-politique-recordman-fran\u00e7ais-du-nombre-de-jours pass\u00e9s-en-prison saura le g\u00e9rer pour son plus grand b\u00e9n\u00e9fice personnel.<\/p>\n<p>Mais derni\u00e8re surprise, le 4 septembre Carignon d\u00e9clare que la droite grenobloise est la plus b\u00eate du monde et qu\u2019il ne participera pas \u00e0 la course des perdants. Maintenant qu\u2019il s\u2019efface (jusqu\u2019\u00e0 quand ?), des revenants r\u00e9apparaissent comme R. Cazenave ancienne t\u00eate de liste de la droite en 1995.<\/p>\n","protected":false},"excerpt":{"rendered":"<p>Il n\u2019y a pas un jour o\u00f9 les m\u00e9dias ne parlent de la saga des primaires de l\u2019UMP38, on devrait savoir dans les jours qui viennent si elles sont relanc\u00e9es, c\u2019est le pr\u00e9sident national qui va d\u00e9cider de la poursuite ou non. Ces derni\u00e8res semaines, l\u2019UMP38 ne roulait que pour A.Carignon. Des tracts diffus\u00e9s dans [&hellip;]<\/p>\n","protected":false},"author":1,"featured_media":0,"comment_status":"closed","ping_status":"open","sticky":false,"template":"","format":"standard","meta":{"twitterCardType":"","cardImageID":0,"cardImage":"","cardTitle":"","cardDesc":"","cardImageAlt":"","cardPlayer":"","cardPlayerWidth":0,"cardPlayerHeight":0,"cardPlayerStream":"","cardPlayerCodec":"","footnotes":""},"categories":[11],"tags":[29,109,115],"class_list":["post-7386","post","type-post","status-publish","format-standard","hentry","category-politique-locale","tag-carignon","tag-droite","tag-municipales-2014"],"_links":{"self":[{"href":"https:\/\/www.ades-grenoble.org\/wordpress\/wp-json\/wp\/v2\/posts\/7386","targetHints":{"allow":["GET"]}}],"collection":[{"href":"https:\/\/www.ades-grenoble.org\/wordpress\/wp-json\/wp\/v2\/posts"}],"about":[{"href":"https:\/\/www.ades-grenoble.org\/wordpress\/wp-json\/wp\/v2\/types\/post"}],"author":[{"embeddable":true,"href":"https:\/\/www.ades-grenoble.org\/wordpress\/wp-json\/wp\/v2\/users\/1"}],"replies":[{"embeddable":true,"href":"https:\/\/www.ades-grenoble.org\/wordpress\/wp-json\/wp\/v2\/comments?post=7386"}],"version-history":[{"count":2,"href":"https:\/\/www.ades-grenoble.org\/wordpress\/wp-json\/wp\/v2\/posts\/7386\/revisions"}],"predecessor-version":[{"id":7388,"href":"https:\/\/www.ades-grenoble.org\/wordpress\/wp-json\/wp\/v2\/posts\/7386\/revisions\/7388"}],"wp:attachment":[{"href":"https:\/\/www.ades-grenoble.org\/wordpress\/wp-json\/wp\/v2\/media?parent=7386"}],"wp:term":[{"taxonomy":"category","embeddable":true,"href":"https:\/\/www.ades-grenoble.org\/wordpress\/wp-json\/wp\/v2\/categories?post=7386"},{"taxonomy":"post_tag","embeddable":true,"href":"https:\/\/www.ades-grenoble.org\/wordpress\/wp-json\/wp\/v2\/tags?post=7386"}],"curies":[{"name":"wp","href":"https:\/\/api.w.org\/{rel}","templated":true}]}}