{"id":7389,"date":"2013-09-06T21:09:26","date_gmt":"2013-09-06T19:09:26","guid":{"rendered":"http:\/\/www.ades-grenoble.org\/wordpress\/?p=7389"},"modified":"2013-09-06T21:26:25","modified_gmt":"2013-09-06T19:26:25","slug":"destot-lart-de-promettre-et-de-ne-pas-tenir","status":"publish","type":"post","link":"https:\/\/www.ades-grenoble.org\/wordpress\/2013\/09\/06\/destot-lart-de-promettre-et-de-ne-pas-tenir\/","title":{"rendered":"Destot : L\u2019art de promettre et de ne pas tenir\u2026"},"content":{"rendered":"<div id=\"attachment_361\" style=\"width: 310px\" class=\"wp-caption alignleft\"><a href=\"http:\/\/www.ades-grenoble.org\/wordpress\/wp-content\/uploads\/2013\/09\/tractDestotGlobal2008.png\" target=\"_blank\"><img loading=\"lazy\" decoding=\"async\" aria-describedby=\"caption-attachment-361\" class=\"size-medium wp-image-361\" alt=\"090108-dessin-impots\" src=\"http:\/\/www.ades-grenoble.org\/wordpress\/wp-content\/uploads\/2009\/01\/090108-dessin-impots-300x165.jpg\" width=\"300\" height=\"165\" srcset=\"https:\/\/www.ades-grenoble.org\/wordpress\/wp-content\/uploads\/2009\/01\/090108-dessin-impots-300x165.jpg 300w, https:\/\/www.ades-grenoble.org\/wordpress\/wp-content\/uploads\/2009\/01\/090108-dessin-impots.jpg 726w\" sizes=\"auto, (max-width: 300px) 100vw, 300px\" \/><\/a><p id=\"caption-attachment-361\" class=\"wp-caption-text\">Cliquez sur l&rsquo;image pour voir le tract des promesses de M. Destot en 2008<\/p><\/div>\n<p>Une \u00e9lection ne se fait pas sur un bilan nous disent les sp\u00e9cialistes \u00e9lectoraux. Le temps des projets et propositions va venir. Mais il n\u2019est pas inutile de rafraichir la m\u00e9moire des citoyens sur les promesses faites en 2008 par la nouvelle majorit\u00e9 municipale. On avait eu droit \u00e0 un catalogue de promesses tout azimut, qui se r\u00e9sumait \u00e0\u00a0: demain ce sera le bonheur si vous votez pour nous.<\/p>\n<p>Le lendemain \u00e7a \u00e0 \u00e9t\u00e9 plut\u00f4t la gueule de bois lorsque J. Safar a d\u00e9montr\u00e9 que le bonheur c\u2019\u00e9tait l\u2019augmentation brutale des imp\u00f4ts locaux.<\/p>\n<p>Afin de ne pas croire b\u00eatement les promesses \u00e0 venir, il n\u2019est pas inutile de rappeler certaines promesses non tenues. La liste des promesses oubli\u00e9es est malheureusement fort longue, en voici un extrait\u00a0:<\/p>\n<p><!--more--><\/p>\n<ul>\n<li><em>\u00ab\u00a0Ne pas augmenter les imp\u00f4ts locaux\u00a0\u00bb<\/em>. Merci J. Safar, les Grenoblois ont particuli\u00e8rement appr\u00e9ci\u00e9 votre passage comme adjoint aux finances, capable de d\u00e9montrer que la lutte contre l\u2019aust\u00e9rit\u00e9 passait par une augmentation forte des imp\u00f4ts locaux.<\/li>\n<li><em>\u00ab\u00a0Porter au niveau national une r\u00e9forme de la fiscalit\u00e9 locale aujourd\u2019hui tr\u00e8s injuste.\u00a0\u00bb<\/em> Rien de fait. A quoi \u00e7a sert d\u2019avoir un d\u00e9put\u00e9, un s\u00e9nateur et une ministre dans le conseil municipal\u00a0?<\/li>\n<li><em>\u00ab\u00a0Refuser les transferts de charges de l\u2019Etat sans contreparties.\u00a0\u00bb<\/em> Tout \u00e0 \u00e9t\u00e9 accept\u00e9 sans rechigner, par exemple, je remplace la police nationale par de la police municipale.<\/li>\n<li><em>\u00ab\u00a0Lutter contre la hausse des loyers.\u00a0\u00bb<\/em> Ce n\u2019est pas une r\u00e9ussite quand on voit de plus en plus d\u2019habitants qui quittent la ville \u00e0 cause des loyers trop chers.<\/li>\n<li><em>\u00ab\u00a0R\u00e9tablir la police de proximit\u00e9.\u00a0\u00bb<\/em> C\u2019est le genre de promesse d\u00e9bile puisque ce n\u2019est pas \u00e0 une mairie de r\u00e9tablir la police de proximit\u00e9. La loi pr\u00e9voit une police nationale de proximit\u00e9. Sarkozy l\u2019a d\u00e9truite, mais elle n\u2019est toujours pas l\u00e0.<\/li>\n<li><em>\u00ab\u00a0Augmenter les effectifs des \u00e9ducateurs de rue, g\u00e9r\u00e9s par le Conseil g\u00e9n\u00e9ral auquel nous proposerons une convention sp\u00e9cifique pour cofinancer des moyens suppl\u00e9mentaires d\u00e9di\u00e9s sur Grenoble.\u00a0\u00bb<\/em> Id\u00e9e int\u00e9ressante car il n\u2019y a presque plus de travail de pr\u00e9vention de la d\u00e9linquance \u00e0 Grenoble, et rien n\u2019a \u00e9t\u00e9 fait ni m\u00eame propos\u00e9.<\/li>\n<li><em>\u00ab\u00a0La culture pour tous\u00a0: doter Grenoble de nouveaux \u00e9quipements\u00a0: r\u00e9novation du Conservatoire de musique.\u00a0\u00bb<\/em> On attend toujours\u2026 <a href=\"http:\/\/www.ades-grenoble.org\/wordpress\/2013\/06\/13\/le-guetta-pan-a-quand-un-soutien-pour-la-scene-locale\/\">C\u2019est la culture pour quelques uns\u00a0!<\/a><\/li>\n<li><em>\u00ab\u00a0Un projet exceptionnel et f\u00e9d\u00e9rateur\u00a0: les Jeux Olympiques\u00a0\u00bb, \u00ab\u00a0Nous voulons faire gagner la candidature grenobloise pour 2018\u00a0\u00bb.<\/em> Echec cinglant apr\u00e8s des millions d\u2019euros gaspill\u00e9s pour rien, merci M. Destot et G. Dumolard.<\/li>\n<li><em>\u00ab\u00a0Favoriser le regroupement des universit\u00e9s dans une Universit\u00e9 unique de Grenoble\u00a0\u00bb<\/em>\u00a0: toujours pas fait\u00a0m\u00eame avec une ministre de l\u2019enseignement sup\u00e9rieur issue de la Ville!<\/li>\n<li><em>\u00ab\u00a0Associer les habitants, les salari\u00e9s au d\u00e9veloppement scientifique.\u00a0\u00bb<\/em> On attend toujours, rien \u00e0 l\u2019horizon quand ce n&rsquo;est pas le contraire qui a \u00e9t\u00e9 fait.<\/li>\n<li><em>\u00ab\u00a0Am\u00e9liorer avec la M\u00e9tro l\u2019organisation du tri s\u00e9lectif des d\u00e9chets\u00a0\u00bb<\/em>, c\u2019est plut\u00f4t la d\u00e9gradation.<\/li>\n<li><em>\u00ab\u00a0Am\u00e9nager de nouveaux espaces verts : au-del\u00e0 des op\u00e9rations pr\u00e9vues\u2026\u00a0 nous saisirons toutes les opportunit\u00e9s pour multiplier les espaces verts de quartier.\u00a0\u00bb<\/em> Il y a eu plus de b\u00e9ton coul\u00e9 que d\u2019espace verts cr\u00e9\u00e9s.<\/li>\n<li><em>\u00ab\u00a0Am\u00e9liorer la propret\u00e9 des espaces publics.\u00a0\u00bb<\/em> Quelle am\u00e9lioration\u00a0?<\/li>\n<li><em>\u00ab\u00a0D\u00e9velopper les d\u00e9marches administratives en ligne, adapter les horaires d\u2019ouverture des b\u00e2timents publics aux rythmes de vie des familles.\u00a0\u00bb<\/em> Est ce que les horaires de la mairie ont \u00e9t\u00e9 boulevers\u00e9s\u00a0?<\/li>\n<li><em>\u00ab\u00a0Am\u00e9liorer les conditions d\u2019accueil des \u00e9l\u00e8ves en poursuivant la r\u00e9habilitation du patrimoine scolaire.\u00a0\u00bb<\/em> N&rsquo;y a-t-il pas des groupes scolaires oubli\u00e9s <a href=\"http:\/\/www.ades-grenoble.org\/wordpress\/2013\/04\/12\/ecole-des-buttes-fin-de-partition\/\">qui sont partis en fum\u00e9e.<\/a><\/li>\n<li>\u00ab\u00a0<em>R\u00e9unir autour des coll\u00e8ges l\u2019ensemble des acteurs (parents, enseignants, associations) pour lutter contre le d\u00e9crochage scolaire, soutenir les parents, entourer les adolescents.\u00a0\u00bb<\/em> <a href=\"http:\/\/www.ades-grenoble.org\/wordpress\/2013\/05\/30\/a-grenoble-des-logements-des-logements-et-puis-rien\/\">S\u2019il y avait eu quelque chose <\/a>on l\u2019aurait vu en long et en travers dans la propagande municipale.<\/li>\n<li><em>\u00ab\u00a0Favoriser la diversit\u00e9 culturelle, par le soutien aux projets artistiques dans tous les domaines (th\u00e9\u00e2tre, danse, photo, cin\u00e9mas, plasticiens), l\u2019animation culturelle de quartier et le d\u00e9veloppement de l\u2019art dans l\u2019espace public.\u00a0\u00bb<\/em> C\u2019est un soutien, comme la corde qui soutien le pendu.<\/li>\n<li><em>\u00ab\u00a0Doter Grenoble de nouveaux \u00e9quipements : r\u00e9novation du conservatoire et de l\u2019\u00e9cole d\u2019art, biblioth\u00e8que de centre ville, proposition d\u2019un Z\u00e9nith d\u2019agglom\u00e9ration.\u00a0\u00bb<\/em> On a vu le grand stade mais pas \u00e7a.<\/li>\n<li><em>\u00ab\u00a0D\u00e9velopper l\u2019offre d\u2019\u00e9quipements de proximit\u00e9 (terrains synth\u00e9tiques, tennis couverts, dojo pour le judo, base d\u2019aviron\u2026) avec des tarifications mod\u00e9r\u00e9es\u00a0\u00bb.<\/em> C\u2019est plut\u00f4t le d\u00e9veloppement des op\u00e9rations de prestige voir par exemple le gaspillage de l\u2019<a href=\"http:\/\/www.ades-grenoble.org\/wordpress\/2013\/02\/08\/lesdiguieres-encore-un-projet-monte-en-coulisses\/\">agrandissement du stade Lesdigui\u00e8res<\/a> alors que le stade des Alpes est vide.<\/li>\n<li><em>\u00ab\u00a0Poursuivre la mise en \u0153uvre du plan piscine, avec la r\u00e9novation de la piscine Chorier \u2013 Berriat et surtout la nouvelle piscine Jean Bron qui proposera un bassin de 50m couvert toute l\u2019ann\u00e9e.\u00a0\u00bb<\/em> Heureusement qu\u2019il y a eu mobilisation des habitants pour acc\u00e9l\u00e9rer la r\u00e9novation de Chorier-Berriat. Pour Jean Bron, il faudra attendre encore.<\/li>\n<li><em>\u00ab\u00a0Nous ne nous priverons d\u2019aucune possibilit\u00e9 de mieux associer les citoyens en incluant les budgets participatifs, les jurys citoyens, les questionnaires \u00e0 tous les habitants\u2026\u00a0\u00bb<\/em> Attention, ne pas rire\u2026<\/li>\n<li><em>\u00ab\u00a0Promouvoir la la\u00efcit\u00e9 et permettre \u00e0 tous les croyants de pratiquer leur religion dans la dignit\u00e9, accompagner la r\u00e9alisation d\u2019une mosqu\u00e9e intercommunale.\u00a0\u00bb<\/em> Elle est o\u00f9 la mosqu\u00e9e intercommunale\u00a0?<\/li>\n<\/ul>\n<p>Lorsque les politiciens ne tiennent pas leurs promesses \u00e9lectorales c&rsquo;est la possibilit\u00e9 des citoyens de r\u00eaver \u00e0 une soci\u00e9t\u00e9 meilleure qui leur est \u00f4t\u00e9e lors de l&rsquo;\u00e9ch\u00e9ance suivante. Et si le r\u00eave meurt, la r\u00e9signation, elle, demeure&#8230;<\/p>\n","protected":false},"excerpt":{"rendered":"<p>Une \u00e9lection ne se fait pas sur un bilan nous disent les sp\u00e9cialistes \u00e9lectoraux. Le temps des projets et propositions va venir. Mais il n\u2019est pas inutile de rafraichir la m\u00e9moire des citoyens sur les promesses faites en 2008 par la nouvelle majorit\u00e9 municipale. On avait eu droit \u00e0 un catalogue de promesses tout azimut, [&hellip;]<\/p>\n","protected":false},"author":1,"featured_media":0,"comment_status":"closed","ping_status":"open","sticky":false,"template":"","format":"standard","meta":{"twitterCardType":"","cardImageID":0,"cardImage":"","cardTitle":"","cardDesc":"","cardImageAlt":"","cardPlayer":"","cardPlayerWidth":0,"cardPlayerHeight":0,"cardPlayerStream":"","cardPlayerCodec":"","footnotes":""},"categories":[11],"tags":[69,19,20,15,115,26],"class_list":["post-7389","post","type-post","status-publish","format-standard","hentry","category-politique-locale","tag-ens-superieur-et-recherche","tag-impots","tag-jo","tag-municipales-2008","tag-municipales-2014","tag-teom"],"_links":{"self":[{"href":"https:\/\/www.ades-grenoble.org\/wordpress\/wp-json\/wp\/v2\/posts\/7389","targetHints":{"allow":["GET"]}}],"collection":[{"href":"https:\/\/www.ades-grenoble.org\/wordpress\/wp-json\/wp\/v2\/posts"}],"about":[{"href":"https:\/\/www.ades-grenoble.org\/wordpress\/wp-json\/wp\/v2\/types\/post"}],"author":[{"embeddable":true,"href":"https:\/\/www.ades-grenoble.org\/wordpress\/wp-json\/wp\/v2\/users\/1"}],"replies":[{"embeddable":true,"href":"https:\/\/www.ades-grenoble.org\/wordpress\/wp-json\/wp\/v2\/comments?post=7389"}],"version-history":[{"count":5,"href":"https:\/\/www.ades-grenoble.org\/wordpress\/wp-json\/wp\/v2\/posts\/7389\/revisions"}],"predecessor-version":[{"id":7402,"href":"https:\/\/www.ades-grenoble.org\/wordpress\/wp-json\/wp\/v2\/posts\/7389\/revisions\/7402"}],"wp:attachment":[{"href":"https:\/\/www.ades-grenoble.org\/wordpress\/wp-json\/wp\/v2\/media?parent=7389"}],"wp:term":[{"taxonomy":"category","embeddable":true,"href":"https:\/\/www.ades-grenoble.org\/wordpress\/wp-json\/wp\/v2\/categories?post=7389"},{"taxonomy":"post_tag","embeddable":true,"href":"https:\/\/www.ades-grenoble.org\/wordpress\/wp-json\/wp\/v2\/tags?post=7389"}],"curies":[{"name":"wp","href":"https:\/\/api.w.org\/{rel}","templated":true}]}}