{"id":7451,"date":"2013-09-15T22:49:31","date_gmt":"2013-09-15T20:49:31","guid":{"rendered":"http:\/\/www.ades-grenoble.org\/wordpress\/?p=7451"},"modified":"2013-09-15T22:49:31","modified_gmt":"2013-09-15T20:49:31","slug":"disparition-dodile-brun","status":"publish","type":"post","link":"https:\/\/www.ades-grenoble.org\/wordpress\/2013\/09\/15\/disparition-dodile-brun\/","title":{"rendered":"Disparition d\u2019Odile Brun"},"content":{"rendered":"<p>Odile Brun, m\u00e9decin g\u00e9n\u00e9raliste, acupunctrice, hom\u00e9opathe, nous a quitt\u00e9s trop t\u00f4t. En consultation, elle n\u2019\u00e9tait pas de celles qui vous exp\u00e9dient en\u00a0un quart d\u2019heure\u00a0; elle \u00e9tait attentive, chaleureuse, soucieuse d\u2019approfondir son m\u00e9tier\u00a0; elle \u00e9tait pour nous, comme pour tant d\u2019autres une pr\u00e9cieuse amie, fid\u00e8le, joyeuse, alpiniste, musicienne, toujours pr\u00eate \u00e0 rendre service, surtout \u00e0 ceux qui subissent les injustices de cette soci\u00e9t\u00e9. Elle a fait partie du comit\u00e9 de soutien de l\u2019ADES lors des deux derni\u00e8res mandatures. Toujours pr\u00eate aussi \u00e0 se joindre\u00a0 \u00e0 une f\u00eate avec son saxo. Lucide, \u00a0vigilante, d\u2019une vitalit\u00e9 stimulante, elle restera pour nous un mod\u00e8le d\u2019humanit\u00e9.<\/p>\n<p>Genevi\u00e8ve Jonot et Pierre Meriaux<\/p>\n","protected":false},"excerpt":{"rendered":"<p>Odile Brun, m\u00e9decin g\u00e9n\u00e9raliste, acupunctrice, hom\u00e9opathe, nous a quitt\u00e9s trop t\u00f4t. En consultation, elle n\u2019\u00e9tait pas de celles qui vous exp\u00e9dient en\u00a0un quart d\u2019heure\u00a0; elle \u00e9tait attentive, chaleureuse, soucieuse d\u2019approfondir son m\u00e9tier\u00a0; elle \u00e9tait pour nous, comme pour tant d\u2019autres une pr\u00e9cieuse amie, fid\u00e8le, joyeuse, alpiniste, musicienne, toujours pr\u00eate \u00e0 rendre service, surtout \u00e0 ceux [&hellip;]<\/p>\n","protected":false},"author":1,"featured_media":0,"comment_status":"closed","ping_status":"open","sticky":false,"template":"","format":"standard","meta":{"twitterCardType":"","cardImageID":0,"cardImage":"","cardTitle":"","cardDesc":"","cardImageAlt":"","cardPlayer":"","cardPlayerWidth":0,"cardPlayerHeight":0,"cardPlayerStream":"","cardPlayerCodec":"","footnotes":""},"categories":[11],"tags":[],"class_list":["post-7451","post","type-post","status-publish","format-standard","hentry","category-politique-locale"],"_links":{"self":[{"href":"https:\/\/www.ades-grenoble.org\/wordpress\/wp-json\/wp\/v2\/posts\/7451","targetHints":{"allow":["GET"]}}],"collection":[{"href":"https:\/\/www.ades-grenoble.org\/wordpress\/wp-json\/wp\/v2\/posts"}],"about":[{"href":"https:\/\/www.ades-grenoble.org\/wordpress\/wp-json\/wp\/v2\/types\/post"}],"author":[{"embeddable":true,"href":"https:\/\/www.ades-grenoble.org\/wordpress\/wp-json\/wp\/v2\/users\/1"}],"replies":[{"embeddable":true,"href":"https:\/\/www.ades-grenoble.org\/wordpress\/wp-json\/wp\/v2\/comments?post=7451"}],"version-history":[{"count":1,"href":"https:\/\/www.ades-grenoble.org\/wordpress\/wp-json\/wp\/v2\/posts\/7451\/revisions"}],"predecessor-version":[{"id":7452,"href":"https:\/\/www.ades-grenoble.org\/wordpress\/wp-json\/wp\/v2\/posts\/7451\/revisions\/7452"}],"wp:attachment":[{"href":"https:\/\/www.ades-grenoble.org\/wordpress\/wp-json\/wp\/v2\/media?parent=7451"}],"wp:term":[{"taxonomy":"category","embeddable":true,"href":"https:\/\/www.ades-grenoble.org\/wordpress\/wp-json\/wp\/v2\/categories?post=7451"},{"taxonomy":"post_tag","embeddable":true,"href":"https:\/\/www.ades-grenoble.org\/wordpress\/wp-json\/wp\/v2\/tags?post=7451"}],"curies":[{"name":"wp","href":"https:\/\/api.w.org\/{rel}","templated":true}]}}