{"id":7461,"date":"2013-09-15T23:08:05","date_gmt":"2013-09-15T21:08:05","guid":{"rendered":"http:\/\/www.ades-grenoble.org\/wordpress\/?p=7461"},"modified":"2013-09-15T23:08:05","modified_gmt":"2013-09-15T21:08:05","slug":"hommage-a-notre-ami-francois-suchod-grenoble-un-modele-daccessibilite-pour-tous","status":"publish","type":"post","link":"https:\/\/www.ades-grenoble.org\/wordpress\/2013\/09\/15\/hommage-a-notre-ami-francois-suchod-grenoble-un-modele-daccessibilite-pour-tous\/","title":{"rendered":"Hommage \u00e0 notre ami Fran\u00e7ois Suchod : Grenoble, un mod\u00e8le d&rsquo;accessibilit\u00e9 pour tous"},"content":{"rendered":"<div id=\"attachment_7465\" style=\"width: 160px\" class=\"wp-caption alignleft\"><img loading=\"lazy\" decoding=\"async\" aria-describedby=\"caption-attachment-7465\" class=\"size-thumbnail wp-image-7465\" alt=\"Fran\u00e7ois Suchod \u00e0 la fin de son mandat en mars 2008 (photo GK)\" src=\"http:\/\/www.ades-grenoble.org\/wordpress\/wp-content\/uploads\/2013\/09\/FrancoisSuchod2-150x99.jpg\" width=\"150\" height=\"99\" srcset=\"https:\/\/www.ades-grenoble.org\/wordpress\/wp-content\/uploads\/2013\/09\/FrancoisSuchod2-150x99.jpg 150w, https:\/\/www.ades-grenoble.org\/wordpress\/wp-content\/uploads\/2013\/09\/FrancoisSuchod2-300x199.jpg 300w, https:\/\/www.ades-grenoble.org\/wordpress\/wp-content\/uploads\/2013\/09\/FrancoisSuchod2.jpg 500w\" sizes=\"auto, (max-width: 150px) 100vw, 150px\" \/><p id=\"caption-attachment-7465\" class=\"wp-caption-text\">Fran\u00e7ois Suchod \u00e0 la fin de son mandat en mars 2008 (photo GK)<\/p><\/div>\n<p>Conseiller municipal de 1995 \u00e0 2008, charg\u00e9 de l\u2019accessibilit\u00e9 de la ville pour tous, militant de l\u2019ADES et de diverses associations, Fran\u00e7ois Suchod est d\u00e9c\u00e9d\u00e9 le 7 septembre \u00e0 65 ans. <em><a href=\"http:\/\/www.ades-grenoble.org\/wordpress\/2013\/09\/09\/disparition-de-francois-suchod\/\">Voir le communiqu\u00e9 de l\u2019ADES retra\u00e7ant son engagement politique au service de l\u2019int\u00e9r\u00eat g\u00e9n\u00e9ral.<\/a><\/em><\/p>\n<p>Dans l\u2019exercice de sa d\u00e9l\u00e9gation \u00e0 l\u2019accessibilit\u00e9 de la ville il a marqu\u00e9 fortement l\u2019action publique pour rendre la ville accessible \u00e0 tous, et c\u2019est gr\u00e2ce \u00e0 lui que Grenoble est un mod\u00e8le, m\u00eame si beaucoup reste \u00e0 faire notamment dans l\u2019accessibilit\u00e9 des commerces.<\/p>\n<p>Voici deux exemples de mesures qui restent toujours comme guide de l\u2019action de la Ville.<\/p>\n<p><!--more-->Fin 2003, il \u00e9labore la Charte \u00ab\u00a0Pour une ville citoyenne accessible \u00e0 tous\u00a0\u00bb qui sera sign\u00e9e par la Ville, l\u2019Etat, le Conseil G\u00e9n\u00e9ral, la M\u00e9tro et des associations. Cette charte fixe les lignes directrices de l\u2019action publique dans ce domaine.. Elle pr\u00e9cise\u00a0: \u00ab\u00a0<em>L\u2019accessibilit\u00e9 et la perception de l\u2019espace concerne toute la population car la prise en compte du handicap dans la cit\u00e9 am\u00e8ne une r\u00e9elle am\u00e9lioration des conditions de vie pour tous les usagers. Les am\u00e9liorations apport\u00e9es au niveau de la voirie, du cadre b\u00e2ti, des transports, des lieux culturels et sportifs, du cadre de travail, de l\u2019accueil dans les administrations et les commerces, des nouvelles technologies contribuent \u00e0 la pleine participation de personnes \u00e0 la vie de la cit\u00e9.<\/em><\/p>\n<p><em>Les signataires s\u2019engagent \u00e0 promouvoir aupr\u00e8s des citoyens une vison de l\u2019accessibilit\u00e9 et de la prise en compte du handicap qui d\u00e9passe le cadre des seules personnes en situation de handicap, pour am\u00e9liorer la qualit\u00e9 de vie de tous.\u00a0<\/em>\u00bb<\/p>\n<p>En 2006, il propose la cr\u00e9ation de la commission communale pour l\u2019accessibilit\u00e9 aux personnes handicap\u00e9es, qui doit se r\u00e9unir deux fois par an. La politique en direction des personnes en situation de handicap s\u2019est traduite par la mise en accessibilit\u00e9 progressive et continue des espaces publics, de la voirie et des \u00e9quipements de la ville, inscrite dans le sch\u00e9ma directeur d\u2019accessibilit\u00e9. Les engagements pris par la ville ont \u00e9t\u00e9 tenus et le dialogue avec les associations est un \u00e9l\u00e9ment essentiel de cette politique. Pour renforcer ce dialogue il a propos\u00e9 de cr\u00e9er cette commission communale\u00a0qui a pour r\u00f4le notamment d\u2019\u00e9tablir un rapport annuel sur l\u2019\u00e9tat des lieux de l\u2019accessibilit\u00e9 et des propositions d\u2019am\u00e9lioration et de recenser l\u2019offre de logements accessibles\u2026<\/p>\n<p>Voila ce que Fran\u00e7ois \u00e9crivait en juin 2006, en pensant \u00e0 la fin de son deuxi\u00e8me mandat qui s\u2019est termin\u00e9 en 2008\u00a0:<\/p>\n<p>\u00ab\u00a0<em>L&rsquo;expertise du handicap devra bien devenir une exp\u00e9rience partag\u00e9e par tous les responsables publics. Mais pour cela, il faudra aussi que les personnes en situation de handicap s&rsquo;investissent davantage qu&rsquo;aujourd&rsquo;hui dans la vie citoyenne. C&rsquo;est aussi un de mes objectifs. En ce qui concerne mon devenir personnel, je compte, pour des raisons \u00e0 la fois d&rsquo;usure physique, de partage des responsabilit\u00e9s municipales, pour en assurer le renouvellement g\u00e9n\u00e9rationnel, ne pas m&rsquo;inscrire dans la perspective d&rsquo;un troisi\u00e8me mandat. Pour autant, je n&rsquo;abandonnerai pas tout engagement, et j&rsquo;essayerai de partager cette exp\u00e9rience difficile mais exaltante, comme t\u00e9moin et force de proposition ; et de renouer aussi avec la lecture, l&rsquo;\u00e9tude, et si la destin\u00e9e m&rsquo;est favorable, avec les voyages et l&rsquo;\u00e9criture\u00a0\u00bb&#8230;<\/em><\/p>\n","protected":false},"excerpt":{"rendered":"<p>Conseiller municipal de 1995 \u00e0 2008, charg\u00e9 de l\u2019accessibilit\u00e9 de la ville pour tous, militant de l\u2019ADES et de diverses associations, Fran\u00e7ois Suchod est d\u00e9c\u00e9d\u00e9 le 7 septembre \u00e0 65 ans. Voir le communiqu\u00e9 de l\u2019ADES retra\u00e7ant son engagement politique au service de l\u2019int\u00e9r\u00eat g\u00e9n\u00e9ral. Dans l\u2019exercice de sa d\u00e9l\u00e9gation \u00e0 l\u2019accessibilit\u00e9 de la ville [&hellip;]<\/p>\n","protected":false},"author":1,"featured_media":0,"comment_status":"closed","ping_status":"open","sticky":false,"template":"","format":"standard","meta":{"twitterCardType":"","cardImageID":0,"cardImage":"","cardTitle":"","cardDesc":"","cardImageAlt":"","cardPlayer":"","cardPlayerWidth":0,"cardPlayerHeight":0,"cardPlayerStream":"","cardPlayerCodec":"","footnotes":""},"categories":[11],"tags":[3],"class_list":["post-7461","post","type-post","status-publish","format-standard","hentry","category-politique-locale","tag-communiques"],"_links":{"self":[{"href":"https:\/\/www.ades-grenoble.org\/wordpress\/wp-json\/wp\/v2\/posts\/7461","targetHints":{"allow":["GET"]}}],"collection":[{"href":"https:\/\/www.ades-grenoble.org\/wordpress\/wp-json\/wp\/v2\/posts"}],"about":[{"href":"https:\/\/www.ades-grenoble.org\/wordpress\/wp-json\/wp\/v2\/types\/post"}],"author":[{"embeddable":true,"href":"https:\/\/www.ades-grenoble.org\/wordpress\/wp-json\/wp\/v2\/users\/1"}],"replies":[{"embeddable":true,"href":"https:\/\/www.ades-grenoble.org\/wordpress\/wp-json\/wp\/v2\/comments?post=7461"}],"version-history":[{"count":4,"href":"https:\/\/www.ades-grenoble.org\/wordpress\/wp-json\/wp\/v2\/posts\/7461\/revisions"}],"predecessor-version":[{"id":7468,"href":"https:\/\/www.ades-grenoble.org\/wordpress\/wp-json\/wp\/v2\/posts\/7461\/revisions\/7468"}],"wp:attachment":[{"href":"https:\/\/www.ades-grenoble.org\/wordpress\/wp-json\/wp\/v2\/media?parent=7461"}],"wp:term":[{"taxonomy":"category","embeddable":true,"href":"https:\/\/www.ades-grenoble.org\/wordpress\/wp-json\/wp\/v2\/categories?post=7461"},{"taxonomy":"post_tag","embeddable":true,"href":"https:\/\/www.ades-grenoble.org\/wordpress\/wp-json\/wp\/v2\/tags?post=7461"}],"curies":[{"name":"wp","href":"https:\/\/api.w.org\/{rel}","templated":true}]}}