{"id":7551,"date":"2013-10-04T21:13:05","date_gmt":"2013-10-04T19:13:05","guid":{"rendered":"http:\/\/www.ades-grenoble.org\/wordpress\/?p=7551"},"modified":"2013-10-04T21:13:05","modified_gmt":"2013-10-04T19:13:05","slug":"a-la-metro-le-president-est-touche-par-la-grace-democratique","status":"publish","type":"post","link":"https:\/\/www.ades-grenoble.org\/wordpress\/2013\/10\/04\/a-la-metro-le-president-est-touche-par-la-grace-democratique\/","title":{"rendered":"A La M\u00e9tro, le Pr\u00e9sident est touch\u00e9 par la gr\u00e2ce d\u00e9mocratique"},"content":{"rendered":"<p>Lors du conseil de la M\u00e9tro du 27 septembre, le Pr\u00e9sident a surpris de nombreuses personnes. En g\u00e9n\u00e9ral il explique \u00e0 ceux qui manifesteraient quelques d\u00e9saccords sur ses d\u00e9cisions\u00a0: qu\u2019il a \u00e9t\u00e9 \u00e9lu et que si on n\u2019est pas content il ne faut pas le r\u00e9\u00e9lire. A propos du projet de t\u00e9l\u00e9ph\u00e9rique reliant la M\u00e9tro au Vercors, le Pr\u00e9sident d\u00e9clare\u00a0: \u00ab\u00a0On verra si l\u2019opinion publique pense que c\u2019est un bon projet. Si l\u2019opinion publique dit non, on en tirera aussi les cons\u00e9quences\u2026 on appelle \u00e7a la d\u00e9mocratie\u00a0\u00bb\u00a0! Le pr\u00e9sident a \u00e9t\u00e9 touch\u00e9 par la gr\u00e2ce pr\u00e9-\u00e9lectorale.<\/p>\n<p>Gilles Kuntz, <a href=\"http:\/\/grenoble-ecologie-solidarite.fr\/\" target=\"_blank\">\u00e9lu Ecologie et solidarit\u00e9<\/a> \u00e0 la M\u00e9tro indique dans son billet d\u2019humeur\u00a0:<\/p>\n<p><!--more-->\u00ab\u00a0Conseil de rentr\u00e9e sans d\u00e9lib\u00e9ration majeure. Toujours des bancs clairsem\u00e9s\u00a0; le maire de Grenoble ne restera qu\u2019une heure de 16 \u00e0 17h et ne dira rien. Aurait-il aussi renonc\u00e9 \u00e0 pr\u00e9sider la future intercommunalit\u00e9\u00a0? Au fil des interventions on apprend que Jean-Marc Uhry absent et <a href=\"http:\/\/www.ades-grenoble.org\/wordpress\/2013\/07\/12\/la-demission-de-j-m-uhry-ahurissant\/\">d\u00e9missionnaire de sa d\u00e9l\u00e9gation \u00e0 l\u2019environnement<\/a> aurait \u00e9t\u00e9 d\u00e9missionn\u00e9 de ses autres d\u00e9l\u00e9gations et ne serait plus vice-pr\u00e9sident. Le Pr\u00e9sident reste muet \u00e0 ce propos. A suivre&#8230;\u00a0\u00bb<\/p>\n<p>\u00ab\u00a0Pour convaincre de son engagement pour les d\u00e9placements, le Pr\u00e9sident a cru bon d\u2019\u00e9num\u00e9rer les projets qu\u2019il a port\u00e9s \u00e0 la M\u00e9tro et au Conseil G\u00e9n\u00e9ral et qui ont \u00e9t\u00e9 abandonn\u00e9s\u00a0: Isis (tram-train du CGI vers Moirans), la rocade nord et son tunnel&#8230; Aurait-il le pressentiment que le c\u00e2ble vers le Vercors qui n\u2019est pas de la premi\u00e8re priorit\u00e9 subira le m\u00eame sort\u00a0?<\/p>\n<p>Concernant les aides au logement social, une d\u00e9lib\u00e9ration qui p\u00e8se plus d\u2019un million d\u2019euros pour 1800 \u00e0 2200 logements sur la Presqu\u2019\u00eele a \u00e9t\u00e9 vot\u00e9e. Ma question sur les \u00e9quipements publics pr\u00e9vus (\u00e9coles, cr\u00e8ches, coll\u00e8ge&#8230;) n\u2019a pas eu de r\u00e9ponse. Ici on vote les logements, Grenoble doit s\u2019occuper du reste&#8230;<\/p>\n<p>Le stade des Alpes n\u2019en finit pas d\u2019\u00eatre vide. Le d\u00e9l\u00e9gataire charg\u00e9 de sa gestion (<a href=\"http:\/\/www.ades-grenoble.org\/wordpress\/2012\/09\/22\/la-nouvelle-gestion-du-stade-des-alpes\/\">Carilis<\/a>) n\u2019a pas rempli ses missions. Cela est reconnu dans une d\u00e9lib\u00e9ration, mais on se contente seulement de reporter le paiement d\u2019une mensualit\u00e9 de la subvention \u00e0 verser d\u2019une ann\u00e9e sur l\u2019autre, sans m\u00eame une baisse du montant. Quant \u00e0 la brasserie pr\u00e9vue sous les tribunes, on ne trouve pas de soci\u00e9t\u00e9 pr\u00eate \u00e0 se lancer dans ce d\u00e9fi commercial&#8230;. Quel g\u00e2chis\u00a0!\u00a0\u00bb<\/p>\n","protected":false},"excerpt":{"rendered":"<p>Lors du conseil de la M\u00e9tro du 27 septembre, le Pr\u00e9sident a surpris de nombreuses personnes. En g\u00e9n\u00e9ral il explique \u00e0 ceux qui manifesteraient quelques d\u00e9saccords sur ses d\u00e9cisions\u00a0: qu\u2019il a \u00e9t\u00e9 \u00e9lu et que si on n\u2019est pas content il ne faut pas le r\u00e9\u00e9lire. A propos du projet de t\u00e9l\u00e9ph\u00e9rique reliant la M\u00e9tro [&hellip;]<\/p>\n","protected":false},"author":1,"featured_media":0,"comment_status":"closed","ping_status":"open","sticky":false,"template":"","format":"standard","meta":{"twitterCardType":"","cardImageID":0,"cardImage":"","cardTitle":"","cardDesc":"","cardImageAlt":"","cardPlayer":"","cardPlayerWidth":0,"cardPlayerHeight":0,"cardPlayerStream":"","cardPlayerCodec":"","footnotes":""},"categories":[11],"tags":[66,32,233,111],"class_list":["post-7551","post","type-post","status-publish","format-standard","hentry","category-politique-locale","tag-logement","tag-metro","tag-stade","tag-transport-par-cable"],"_links":{"self":[{"href":"https:\/\/www.ades-grenoble.org\/wordpress\/wp-json\/wp\/v2\/posts\/7551","targetHints":{"allow":["GET"]}}],"collection":[{"href":"https:\/\/www.ades-grenoble.org\/wordpress\/wp-json\/wp\/v2\/posts"}],"about":[{"href":"https:\/\/www.ades-grenoble.org\/wordpress\/wp-json\/wp\/v2\/types\/post"}],"author":[{"embeddable":true,"href":"https:\/\/www.ades-grenoble.org\/wordpress\/wp-json\/wp\/v2\/users\/1"}],"replies":[{"embeddable":true,"href":"https:\/\/www.ades-grenoble.org\/wordpress\/wp-json\/wp\/v2\/comments?post=7551"}],"version-history":[{"count":2,"href":"https:\/\/www.ades-grenoble.org\/wordpress\/wp-json\/wp\/v2\/posts\/7551\/revisions"}],"predecessor-version":[{"id":7553,"href":"https:\/\/www.ades-grenoble.org\/wordpress\/wp-json\/wp\/v2\/posts\/7551\/revisions\/7553"}],"wp:attachment":[{"href":"https:\/\/www.ades-grenoble.org\/wordpress\/wp-json\/wp\/v2\/media?parent=7551"}],"wp:term":[{"taxonomy":"category","embeddable":true,"href":"https:\/\/www.ades-grenoble.org\/wordpress\/wp-json\/wp\/v2\/categories?post=7551"},{"taxonomy":"post_tag","embeddable":true,"href":"https:\/\/www.ades-grenoble.org\/wordpress\/wp-json\/wp\/v2\/tags?post=7551"}],"curies":[{"name":"wp","href":"https:\/\/api.w.org\/{rel}","templated":true}]}}