{"id":7640,"date":"2013-10-26T11:16:03","date_gmt":"2013-10-26T09:16:03","guid":{"rendered":"http:\/\/www.ades-grenoble.org\/wordpress\/?p=7640"},"modified":"2013-11-23T13:14:19","modified_gmt":"2013-11-23T11:14:19","slug":"concours-de-poemes-politiques","status":"publish","type":"post","link":"https:\/\/www.ades-grenoble.org\/wordpress\/2013\/10\/26\/concours-de-poemes-politiques\/","title":{"rendered":"Concours de po\u00e8mes politiques"},"content":{"rendered":"<p>Des lecteurs nous proposent des po\u00e8mes pour animer la campagne politique qui s\u2019ouvre, en voici un floril\u00e8ge.<\/p>\n<h3>Ha\u00efku<\/h3>\n<p>Voici une petite forme po\u00e9tique pour la campagne en forme de ha\u00efku (5-7-5 pieds)\u00a0:<\/p>\n<p>Vers une moralisation de la vie politique. C\u2019est nouveau, \u00e7a vient de sortir d\u00e9sormais les gens ne voterons que pour ceux qui tiendront leurs promesses comme disait le corrompu\u00a0!<\/p>\n<p>\u00ab\u00a0Venez tous m\u2019\u00e9lire<br \/>\nLes fouilles vais me les remplir<br \/>\nPromesses sais tenir.\u00a0\u00bb<\/p>\n<p>S\u00e9ji<\/p>\n<p><!--more--><\/p>\n<h3>Tir\u00e9 de la politique grenobloise, et applicable en son acad\u00e9mie<\/h3>\n<p>En subtile pr\u00e9varication<br \/>\nComme en \u00e9trange malversation<br \/>\nOu bien pour honteuse corruption<br \/>\nVoici principe de saine gestion\u00a0:<\/p>\n<p>\u00abPour bien laver un escalier,<br \/>\nMieux vaut, par le haut, commencer\u00bb<br \/>\nSign\u00e9 Lord Mounbatten.<\/p>\n<h3>Et une grande forme qui d\u00e9taille la situation politique grenobloise.<\/h3>\n<p>Voil\u00e0 la droite bien affaiblie,<br \/>\nPar l&rsquo;ind\u00e9crottable ami,<br \/>\nDe l&rsquo;ancien pr\u00e9sident Sarkosy,<br \/>\nQue nous avons mis au tapis<\/p>\n<p>Avec lui la corruption a s\u00e9vi,<br \/>\nNous en savons quelque chose ici,<br \/>\nS&rsquo;il en a bien pay\u00e9 le prix,<br \/>\nSon retour nul ne ravi<\/p>\n<p>Du FN cela fait le lit<br \/>\nQui reviendrait dans la mairie<br \/>\nApr\u00e8s trois mandats c&rsquo;est ainsi<br \/>\nDommage pour notre muni<\/p>\n<p>Ca arrange aussi l&rsquo;UDI,<br \/>\nGrenoble est au centre aussi,<br \/>\nAvec un PS en repli,<br \/>\nEt une UMP en charpie<\/p>\n<p>Et \u00e0 gauche c&rsquo;est quoi les paris,<br \/>\nAvec un PS mal parti,<br \/>\nPC et GO \u00e0 l&rsquo;agonie,<br \/>\nD&rsquo;une histoire qui se finit<\/p>\n<p>Un rassemblement se construit,<br \/>\nPour une nouvelle d\u00e9mocratie,<br \/>\nSoutenue par tous ses amis,<br \/>\nEt une bande de bons partis.<\/p>\n<p>Mais rien encore n&rsquo;est \u00e9crit,<br \/>\nDes sc\u00e9narios \u00e0 l&rsquo;infini,<br \/>\nD&rsquo;alliances et de programmes nourris,<br \/>\nDans la joie ou dans l&rsquo;h\u00e9r\u00e9sie.<\/p>\n<p>Nous serons encore bien surpris,<br \/>\nDe tous les coups qui sont permis,<br \/>\nEt une fois la campagne finie,<br \/>\nNous saurons qui a r\u00e9ussi.<\/p>\n","protected":false},"excerpt":{"rendered":"<p>Des lecteurs nous proposent des po\u00e8mes pour animer la campagne politique qui s\u2019ouvre, en voici un floril\u00e8ge. Ha\u00efku Voici une petite forme po\u00e9tique pour la campagne en forme de ha\u00efku (5-7-5 pieds)\u00a0: Vers une moralisation de la vie politique. C\u2019est nouveau, \u00e7a vient de sortir d\u00e9sormais les gens ne voterons que pour ceux qui tiendront [&hellip;]<\/p>\n","protected":false},"author":1,"featured_media":0,"comment_status":"closed","ping_status":"open","sticky":false,"template":"","format":"standard","meta":{"twitterCardType":"","cardImageID":0,"cardImage":"","cardTitle":"","cardDesc":"","cardImageAlt":"","cardPlayer":"","cardPlayerWidth":0,"cardPlayerHeight":0,"cardPlayerStream":"","cardPlayerCodec":"","footnotes":""},"categories":[11],"tags":[30,115,129],"class_list":["post-7640","post","type-post","status-publish","format-standard","hentry","category-politique-locale","tag-corrompu","tag-municipales-2014","tag-poeme-politique"],"_links":{"self":[{"href":"https:\/\/www.ades-grenoble.org\/wordpress\/wp-json\/wp\/v2\/posts\/7640","targetHints":{"allow":["GET"]}}],"collection":[{"href":"https:\/\/www.ades-grenoble.org\/wordpress\/wp-json\/wp\/v2\/posts"}],"about":[{"href":"https:\/\/www.ades-grenoble.org\/wordpress\/wp-json\/wp\/v2\/types\/post"}],"author":[{"embeddable":true,"href":"https:\/\/www.ades-grenoble.org\/wordpress\/wp-json\/wp\/v2\/users\/1"}],"replies":[{"embeddable":true,"href":"https:\/\/www.ades-grenoble.org\/wordpress\/wp-json\/wp\/v2\/comments?post=7640"}],"version-history":[{"count":2,"href":"https:\/\/www.ades-grenoble.org\/wordpress\/wp-json\/wp\/v2\/posts\/7640\/revisions"}],"predecessor-version":[{"id":7642,"href":"https:\/\/www.ades-grenoble.org\/wordpress\/wp-json\/wp\/v2\/posts\/7640\/revisions\/7642"}],"wp:attachment":[{"href":"https:\/\/www.ades-grenoble.org\/wordpress\/wp-json\/wp\/v2\/media?parent=7640"}],"wp:term":[{"taxonomy":"category","embeddable":true,"href":"https:\/\/www.ades-grenoble.org\/wordpress\/wp-json\/wp\/v2\/categories?post=7640"},{"taxonomy":"post_tag","embeddable":true,"href":"https:\/\/www.ades-grenoble.org\/wordpress\/wp-json\/wp\/v2\/tags?post=7640"}],"curies":[{"name":"wp","href":"https:\/\/api.w.org\/{rel}","templated":true}]}}