{"id":7679,"date":"2013-11-06T21:51:15","date_gmt":"2013-11-06T19:51:15","guid":{"rendered":"http:\/\/www.ades-grenoble.org\/wordpress\/?p=7679"},"modified":"2013-11-06T21:51:15","modified_gmt":"2013-11-06T19:51:15","slug":"un-plan-de-protection-de-latmosphere-2011-2015-de-la-region-grenobloise-insuffisant","status":"publish","type":"post","link":"https:\/\/www.ades-grenoble.org\/wordpress\/2013\/11\/06\/un-plan-de-protection-de-latmosphere-2011-2015-de-la-region-grenobloise-insuffisant\/","title":{"rendered":"Un Plan de Protection de l&rsquo;Atmosph\u00e8re 2011-2015 de la r\u00e9gion grenobloise insuffisant"},"content":{"rendered":"<div id=\"attachment_5353\" style=\"width: 160px\" class=\"wp-caption alignleft\"><img loading=\"lazy\" decoding=\"async\" aria-describedby=\"caption-attachment-5353\" class=\"size-thumbnail wp-image-5353\" alt=\"Pollution sur la cuvette grenobloise (photos GK)\" src=\"http:\/\/www.ades-grenoble.org\/wordpress\/wp-content\/uploads\/2012\/03\/2012Pollution-Depuis-Le-Sappey1-150x100.jpg\" width=\"150\" height=\"100\" srcset=\"https:\/\/www.ades-grenoble.org\/wordpress\/wp-content\/uploads\/2012\/03\/2012Pollution-Depuis-Le-Sappey1-150x100.jpg 150w, https:\/\/www.ades-grenoble.org\/wordpress\/wp-content\/uploads\/2012\/03\/2012Pollution-Depuis-Le-Sappey1-300x200.jpg 300w, https:\/\/www.ades-grenoble.org\/wordpress\/wp-content\/uploads\/2012\/03\/2012Pollution-Depuis-Le-Sappey1.jpg 400w\" sizes=\"auto, (max-width: 150px) 100vw, 150px\" \/><p id=\"caption-attachment-5353\" class=\"wp-caption-text\">Pollution sur la cuvette grenobloise (photos GK)<\/p><\/div>\n<p><em>Dossier de Presse\u00a0: Conf\u00e9rence de presse EELV \u2013 ADES du mercredi 6 novembre 2013<\/em><\/p>\n<h2>Un PPA 2011-2015 de la r\u00e9gion grenobloise insuffisant, sans effet notable sur le d\u00e9passement des valeurs limites d&rsquo;exposition \u00e0 la pollution de l&rsquo;air et dont les actions ne pourront pas intervenir avant 2015<\/h2>\n<p>Nous avons fait l&rsquo;analyse du dossier \u00ab\u00a0R\u00e9vision du Plan de Protection de l\u2019Atmosph\u00e8re de la r\u00e9gion grenobloise\u00a0\u00bb actuellement soumis \u00e0 enqu\u00eate publique.<\/p>\n<p>Nous rappelons que la Commission Europ\u00e9enne assigne la France pour non respect des valeurs limites de pollution de l&rsquo;air en invoquant la faiblesse des PPA, alors que l&rsquo;impact de la pollution atmosph\u00e9rique est r\u00e9el, estim\u00e9 \u00e0 plus de 150 d\u00e9c\u00e8s anticip\u00e9s\/an pour la pollution de fond pour la seule agglom\u00e9ration grenobloise.<\/p>\n<p>Le Projet de PPA doit \u00eatre compatible avec le sch\u00e9ma r\u00e9gional Climat Air Energie (SRCAE) Rh\u00f4ne Alpes, toujours en \u00e9laboration, dont le projet insatisfaisant a \u00e9t\u00e9 pr\u00e9sent\u00e9 le 14 d\u00e9c 2011 sans vote de l&rsquo;assembl\u00e9e r\u00e9gionale.<\/p>\n<p>Il appara\u00eet que les actions visant \u00e0 r\u00e9duire l&rsquo;exposition des populations, pr\u00e9vues par le PPA de la r\u00e9gion grenobloise en cours d&rsquo;enqu\u00eate publique, ne sont pas significatives face \u00e0 un sc\u00e9nario \u00ab\u00a0tendanciel\u00a0\u00bb qui consiste \u00e0 attendre l&rsquo;application des r\u00e9glementations nationale et europ\u00e9enne et l&rsquo;\u00e9volution technique concernant les sources d&rsquo;\u00e9mission, dont les v\u00e9hicules et camions.<\/p>\n<p><!--more--><\/p>\n<h3>Poussi\u00e8res : Les principales actions du PPA non financ\u00e9es et tardives<\/h3>\n<p>Ainsi, pour le projet de PPA, la moiti\u00e9 des r\u00e9ductions d&rsquo;\u00e9missions de polluants poussi\u00e8res PM10 et PM2.5 serait li\u00e9e au sc\u00e9nario tendanciel, l&rsquo;autre moiti\u00e9 proviendrait de la mise en oeuvre d&rsquo;actions touchant les chauffages au bois non performants ainsi que les industriels des carri\u00e8res et du BTP.<\/p>\n<p>La lecture des fiches \u00ab\u00a0actions\u00a0\u00bb du PPA montre, d&rsquo;autre part, que les financements ne sont pas encore trouv\u00e9s pour 30 M\u20ac, ceci afin d&rsquo;inciter \u00e0 l&rsquo;am\u00e9lioration des chauffages au bois (les collectivit\u00e9s locales sont sollicit\u00e9s) et d&rsquo;autre part que les actions concernant l&rsquo;industrie seraient men\u00e9es tardivement, 24 mois apr\u00e8s l&rsquo;adoption du futur PPA.<\/p>\n<h3>Oxydes d&rsquo;azote : Report de la mise en oeuvre des actions du PPA sur les futurs PDU des agglom\u00e9rations<\/h3>\n<p>Concernant les oxydes d&rsquo;azote (NOx), les actions du PPA ne p\u00e8seraient que pour moins de 15% des r\u00e9ductions d&rsquo;\u00e9missions pr\u00e9vues, les 85% restants \u00e9tant attendus par application de la seule r\u00e9glementation (sc\u00e9nario tendanciel).<\/p>\n<p>Pire, la principale action \u00ab\u00a0Transport\u00a0\u00bb du PPA consiste \u00e0 appliquer les pr\u00e9conisations des PDU des autorit\u00e9s organisatrices des transports des agglom\u00e9rations de Grenoble, de Voiron, du Gr\u00e9sivaudan et du Sud Grenoblois, qui ne sont pas encore d\u00e9finis, avec des effets apr\u00e8s 2015.<\/p>\n<p>Les polluants hydrocarbures aromatiques (HAP) dont le benzo(a)pyr\u00e8ne BaP ainsi que les COV (compos\u00e9s organiques volatils) pr\u00e9curseurs avec les NOx de l&rsquo;ozone, polluants qui sont pourtant point\u00e9s comme probl\u00e9matiques vis \u00e0 vis du Plan r\u00e9gional Sant\u00e9 Environnement, ne font pas l&rsquo;objet d&rsquo;actions avec objectifs chiffr\u00e9s de r\u00e9duction dans ce projet de PPA de la r\u00e9gion grenobloise.<\/p>\n<h3>Ozone\u00a0: Un PPA qui assume une exposition accrue des populations<\/h3>\n<p>En l\u2019absence d\u2019une r\u00e9flexion globale sur les \u00e9missions de l\u2019ensemble des polluants pr\u00e9curseurs de l\u2019ozone (NOx et COV), le PPA reconna\u00eet qu&rsquo;il induit des effets n\u00e9gatifs avec une augmentation de la population expos\u00e9e.<\/p>\n<p>Ainsi, il ressort de notre analyse que l&rsquo;Etat a \u00e9tabli tardivement un PPA de la r\u00e9gion grenobloise, d&rsquo;une dur\u00e9e effective de 2 ans, dont les actions ne porteront pas leur effet avant 2015, date d&rsquo;\u00e9ch\u00e9ance de ce PPA.<\/p>\n<p>Ceci d\u00e9montre que la volont\u00e9 politique d&rsquo;aborder cette question fait d\u00e9faut, la pollution atmosph\u00e9rique touche pourtant directement la sant\u00e9 de milliers de personnes.<\/p>\n<p>Il est donc illusoire de compter sur l&rsquo;application des mesures du PPA pour aboutir \u00e0 une r\u00e9duction significative de l&rsquo;exposition des populations \u00e0 la pollution atmosph\u00e9rique.<\/p>\n<p><strong>C&rsquo;est donc un avis n\u00e9gatif qu&rsquo;il est n\u00e9cessaire de consigner sur les registres accessibles dans les mairies et \u00e0 la M\u00e9tro dans le cadre de l&rsquo;enqu\u00eate publique en cours jusqu&rsquo;au 15 novembre prochain, en demandant au Pr\u00e9fet de l&rsquo;Is\u00e8re de mettre en chantier un v\u00e9ritable PPA de la r\u00e9gion grenobloise, contenant des actions \u00e0 effet imm\u00e9diat et significatives afin de r\u00e9duire l&rsquo;exposition des habitants \u00e0 la pollution de l&rsquo;air.<\/strong><\/p>\n<h3>Une sous \u00e9valuation de l&rsquo;indice ATMO de qualit\u00e9 de l&rsquo;air pendant 1\/3 de l&rsquo;ann\u00e9e<\/h3>\n<p>D&rsquo;apr\u00e8s notre analyse, les calculs de l&rsquo;indice ATMO \u00e0 Grenoble ne tiennent pas compte des mesures de particules (PM10 et PM2.5) des stations fixes de type trafic (Rondeau et Grands Boulevards), alors que ces donn\u00e9es interviennent r\u00e9glementairement dans le d\u00e9clenchement des mesures d&rsquo;information et d&rsquo;urgence en cas de pic de pollution. Ceci a pour effet d&rsquo;att\u00e9nuer l&rsquo;indice ATMO \u00e0 Grenoble de 1 ou 2 unit\u00e9s durant environ un tiers de l&rsquo;ann\u00e9e.<\/p>\n","protected":false},"excerpt":{"rendered":"<p>Dossier de Presse\u00a0: Conf\u00e9rence de presse EELV \u2013 ADES du mercredi 6 novembre 2013 Un PPA 2011-2015 de la r\u00e9gion grenobloise insuffisant, sans effet notable sur le d\u00e9passement des valeurs limites d&rsquo;exposition \u00e0 la pollution de l&rsquo;air et dont les actions ne pourront pas intervenir avant 2015 Nous avons fait l&rsquo;analyse du dossier \u00ab\u00a0R\u00e9vision du [&hellip;]<\/p>\n","protected":false},"author":1,"featured_media":0,"comment_status":"closed","ping_status":"open","sticky":false,"template":"","format":"standard","meta":{"twitterCardType":"","cardImageID":0,"cardImage":"","cardTitle":"","cardDesc":"","cardImageAlt":"","cardPlayer":"","cardPlayerWidth":0,"cardPlayerHeight":0,"cardPlayerStream":"","cardPlayerCodec":"","footnotes":""},"categories":[11],"tags":[3,122],"class_list":["post-7679","post","type-post","status-publish","format-standard","hentry","category-politique-locale","tag-communiques","tag-pollution-atmospherique"],"_links":{"self":[{"href":"https:\/\/www.ades-grenoble.org\/wordpress\/wp-json\/wp\/v2\/posts\/7679","targetHints":{"allow":["GET"]}}],"collection":[{"href":"https:\/\/www.ades-grenoble.org\/wordpress\/wp-json\/wp\/v2\/posts"}],"about":[{"href":"https:\/\/www.ades-grenoble.org\/wordpress\/wp-json\/wp\/v2\/types\/post"}],"author":[{"embeddable":true,"href":"https:\/\/www.ades-grenoble.org\/wordpress\/wp-json\/wp\/v2\/users\/1"}],"replies":[{"embeddable":true,"href":"https:\/\/www.ades-grenoble.org\/wordpress\/wp-json\/wp\/v2\/comments?post=7679"}],"version-history":[{"count":3,"href":"https:\/\/www.ades-grenoble.org\/wordpress\/wp-json\/wp\/v2\/posts\/7679\/revisions"}],"predecessor-version":[{"id":7682,"href":"https:\/\/www.ades-grenoble.org\/wordpress\/wp-json\/wp\/v2\/posts\/7679\/revisions\/7682"}],"wp:attachment":[{"href":"https:\/\/www.ades-grenoble.org\/wordpress\/wp-json\/wp\/v2\/media?parent=7679"}],"wp:term":[{"taxonomy":"category","embeddable":true,"href":"https:\/\/www.ades-grenoble.org\/wordpress\/wp-json\/wp\/v2\/categories?post=7679"},{"taxonomy":"post_tag","embeddable":true,"href":"https:\/\/www.ades-grenoble.org\/wordpress\/wp-json\/wp\/v2\/tags?post=7679"}],"curies":[{"name":"wp","href":"https:\/\/api.w.org\/{rel}","templated":true}]}}