{"id":7685,"date":"2013-11-09T13:23:17","date_gmt":"2013-11-09T11:23:17","guid":{"rendered":"http:\/\/www.ades-grenoble.org\/wordpress\/?p=7685"},"modified":"2013-11-09T13:23:17","modified_gmt":"2013-11-09T11:23:17","slug":"lycee-mounier-enfin-lavenir-est-assure","status":"publish","type":"post","link":"https:\/\/www.ades-grenoble.org\/wordpress\/2013\/11\/09\/lycee-mounier-enfin-lavenir-est-assure\/","title":{"rendered":"Lyc\u00e9e Mounier : enfin l\u2019avenir est assur\u00e9 !"},"content":{"rendered":"<p><img loading=\"lazy\" decoding=\"async\" class=\"alignleft size-thumbnail wp-image-2431\" style=\"margin: 5px;\" alt=\"we-love-mounier\" src=\"http:\/\/www.ades-grenoble.org\/wordpress\/wp-content\/uploads\/2010\/10\/we-love-mounier-150x72.jpg\" width=\"150\" height=\"72\" srcset=\"https:\/\/www.ades-grenoble.org\/wordpress\/wp-content\/uploads\/2010\/10\/we-love-mounier-150x72.jpg 150w, https:\/\/www.ades-grenoble.org\/wordpress\/wp-content\/uploads\/2010\/10\/we-love-mounier-300x145.jpg 300w, https:\/\/www.ades-grenoble.org\/wordpress\/wp-content\/uploads\/2010\/10\/we-love-mounier.jpg 442w\" sizes=\"auto, (max-width: 150px) 100vw, 150px\" \/>C&rsquo;est gagn\u00e9\u00a0! L&rsquo;assembl\u00e9e r\u00e9gionale a vot\u00e9 une d\u00e9lib\u00e9ration validant le choix de la ma\u00eetrise d&rsquo;\u0153uvre pour la \u00abd\u00e9construction-reconstruction\u00bb du lyc\u00e9e Mounier, d&rsquo;une capacit\u00e9 de 1300 \u00e9l\u00e8ves (extensible \u00e0 1500), avec 10 logements, un internat de 200 places, un r\u00e9fectoire de 400 convives, le tout pour une valeur de 32 600 000 \u20ac HT (valeur septembre 2012), soit 40 000 000 \u20ac TTC !<\/p>\n<p>Saluons la victoire d\u00e9finitive du \u00ab\u00a0petit\u00a0\u00bb collectif Mounier contre les \u00ab\u00a0grands\u00a0\u00bb qui acceptaient de rayer ce lyc\u00e9e de la carte\u00a0: Le Recteur, le Pr\u00e9sident de la R\u00e9gion et la majorit\u00e9 municipale qui n\u2019a fait aucune r\u00e9sistance.<\/p>\n<p>Comme quoi il ne faut jamais d\u00e9sesp\u00e9rer, la lutte paye parfois quand tous les ingr\u00e9dients sont correctement mobilis\u00e9s.<\/p>\n","protected":false},"excerpt":{"rendered":"<p>C&rsquo;est gagn\u00e9\u00a0! L&rsquo;assembl\u00e9e r\u00e9gionale a vot\u00e9 une d\u00e9lib\u00e9ration validant le choix de la ma\u00eetrise d&rsquo;\u0153uvre pour la \u00abd\u00e9construction-reconstruction\u00bb du lyc\u00e9e Mounier, d&rsquo;une capacit\u00e9 de 1300 \u00e9l\u00e8ves (extensible \u00e0 1500), avec 10 logements, un internat de 200 places, un r\u00e9fectoire de 400 convives, le tout pour une valeur de 32 600 000 \u20ac HT (valeur septembre [&hellip;]<\/p>\n","protected":false},"author":1,"featured_media":0,"comment_status":"closed","ping_status":"open","sticky":false,"template":"","format":"standard","meta":{"twitterCardType":"","cardImageID":0,"cardImage":"","cardTitle":"","cardDesc":"","cardImageAlt":"","cardPlayer":"","cardPlayerWidth":0,"cardPlayerHeight":0,"cardPlayerStream":"","cardPlayerCodec":"","footnotes":""},"categories":[11],"tags":[79,84],"class_list":["post-7685","post","type-post","status-publish","format-standard","hentry","category-politique-locale","tag-conseil-regional","tag-mounier"],"_links":{"self":[{"href":"https:\/\/www.ades-grenoble.org\/wordpress\/wp-json\/wp\/v2\/posts\/7685","targetHints":{"allow":["GET"]}}],"collection":[{"href":"https:\/\/www.ades-grenoble.org\/wordpress\/wp-json\/wp\/v2\/posts"}],"about":[{"href":"https:\/\/www.ades-grenoble.org\/wordpress\/wp-json\/wp\/v2\/types\/post"}],"author":[{"embeddable":true,"href":"https:\/\/www.ades-grenoble.org\/wordpress\/wp-json\/wp\/v2\/users\/1"}],"replies":[{"embeddable":true,"href":"https:\/\/www.ades-grenoble.org\/wordpress\/wp-json\/wp\/v2\/comments?post=7685"}],"version-history":[{"count":2,"href":"https:\/\/www.ades-grenoble.org\/wordpress\/wp-json\/wp\/v2\/posts\/7685\/revisions"}],"predecessor-version":[{"id":7687,"href":"https:\/\/www.ades-grenoble.org\/wordpress\/wp-json\/wp\/v2\/posts\/7685\/revisions\/7687"}],"wp:attachment":[{"href":"https:\/\/www.ades-grenoble.org\/wordpress\/wp-json\/wp\/v2\/media?parent=7685"}],"wp:term":[{"taxonomy":"category","embeddable":true,"href":"https:\/\/www.ades-grenoble.org\/wordpress\/wp-json\/wp\/v2\/categories?post=7685"},{"taxonomy":"post_tag","embeddable":true,"href":"https:\/\/www.ades-grenoble.org\/wordpress\/wp-json\/wp\/v2\/tags?post=7685"}],"curies":[{"name":"wp","href":"https:\/\/api.w.org\/{rel}","templated":true}]}}