{"id":7688,"date":"2013-11-09T13:26:31","date_gmt":"2013-11-09T11:26:31","guid":{"rendered":"http:\/\/www.ades-grenoble.org\/wordpress\/?p=7688"},"modified":"2013-11-09T13:26:31","modified_gmt":"2013-11-09T11:26:31","slug":"nano-2017-non-au-financement-par-les-collectivites-locales","status":"publish","type":"post","link":"https:\/\/www.ades-grenoble.org\/wordpress\/2013\/11\/09\/nano-2017-non-au-financement-par-les-collectivites-locales\/","title":{"rendered":"Nano 2017 : non au financement par les collectivit\u00e9s locales"},"content":{"rendered":"<p>Le nouveau programme de d\u00e9veloppement de la micro et nano\u00e9lectronique autour de la soci\u00e9t\u00e9 \u00ab\u00a0ST Microelectronics\u00a0\u00bb et du LETI ( Laboratoire d\u2019\u00e9lectronique et de Technologie de l\u2019Information\u00a0: division du CEA &#8211; Commissariat \u00e0 l\u2019Energie Atomique) a \u00e9t\u00e9 lanc\u00e9 par le Gouvernement, et l\u2019Etat pousse les collectivit\u00e9s locales \u00e0 le cofinancer comme les programmes pr\u00e9c\u00e9dents.<\/p>\n<p>La r\u00e9gion Rh\u00f4ne-Alpes a vot\u00e9, par une large majorit\u00e9 PS-UMP-PCF, et sans aucune condition un ch\u00e8que en blanc soit une subvention de 25 M\u20ac, malgr\u00e9 le vote contre des \u00e9cologistes et du Parti de Gauche qui militent pour une autre utilisation de l\u2019argent public.<\/p>\n<p><!--more-->Il faut savoir que ST qui est en difficult\u00e9 continue \u00e0 verser des dividendes importants \u00e0 ses actionnaires et les subventions publiques servent notamment \u00e0 cela. Il n\u2019est plus acceptable que des subventions sans aucune contrepartie soient vers\u00e9es. Il n\u2019est pourtant pas difficile de pr\u00e9voir dans les contrats des clauses de remboursement en fonction des r\u00e9sultats de la Recherche et D\u00e9veloppement ou des clauses de copropri\u00e9t\u00e9 des brevets, comme le demandaient les \u00e9lus EELV au Conseil R\u00e9gional <a href=\"http:\/\/elus-rhonealpes.eelv.fr\/2013\/10\/25\/crolles-2017-appliquons-le-serieux-budgetaire-aux-aides-economiques\/\" target=\"_blank\">qui ont d\u00e9pos\u00e9 des amendements en ce sens<\/a>.<\/p>\n","protected":false},"excerpt":{"rendered":"<p>Le nouveau programme de d\u00e9veloppement de la micro et nano\u00e9lectronique autour de la soci\u00e9t\u00e9 \u00ab\u00a0ST Microelectronics\u00a0\u00bb et du LETI ( Laboratoire d\u2019\u00e9lectronique et de Technologie de l\u2019Information\u00a0: division du CEA &#8211; Commissariat \u00e0 l\u2019Energie Atomique) a \u00e9t\u00e9 lanc\u00e9 par le Gouvernement, et l\u2019Etat pousse les collectivit\u00e9s locales \u00e0 le cofinancer comme les programmes pr\u00e9c\u00e9dents. La [&hellip;]<\/p>\n","protected":false},"author":1,"featured_media":0,"comment_status":"closed","ping_status":"open","sticky":false,"template":"","format":"standard","meta":{"twitterCardType":"","cardImageID":0,"cardImage":"","cardTitle":"","cardDesc":"","cardImageAlt":"","cardPlayer":"","cardPlayerWidth":0,"cardPlayerHeight":0,"cardPlayerStream":"","cardPlayerCodec":"","footnotes":""},"categories":[11],"tags":[79,46],"class_list":["post-7688","post","type-post","status-publish","format-standard","hentry","category-politique-locale","tag-conseil-regional","tag-nanos"],"_links":{"self":[{"href":"https:\/\/www.ades-grenoble.org\/wordpress\/wp-json\/wp\/v2\/posts\/7688","targetHints":{"allow":["GET"]}}],"collection":[{"href":"https:\/\/www.ades-grenoble.org\/wordpress\/wp-json\/wp\/v2\/posts"}],"about":[{"href":"https:\/\/www.ades-grenoble.org\/wordpress\/wp-json\/wp\/v2\/types\/post"}],"author":[{"embeddable":true,"href":"https:\/\/www.ades-grenoble.org\/wordpress\/wp-json\/wp\/v2\/users\/1"}],"replies":[{"embeddable":true,"href":"https:\/\/www.ades-grenoble.org\/wordpress\/wp-json\/wp\/v2\/comments?post=7688"}],"version-history":[{"count":2,"href":"https:\/\/www.ades-grenoble.org\/wordpress\/wp-json\/wp\/v2\/posts\/7688\/revisions"}],"predecessor-version":[{"id":7690,"href":"https:\/\/www.ades-grenoble.org\/wordpress\/wp-json\/wp\/v2\/posts\/7688\/revisions\/7690"}],"wp:attachment":[{"href":"https:\/\/www.ades-grenoble.org\/wordpress\/wp-json\/wp\/v2\/media?parent=7688"}],"wp:term":[{"taxonomy":"category","embeddable":true,"href":"https:\/\/www.ades-grenoble.org\/wordpress\/wp-json\/wp\/v2\/categories?post=7688"},{"taxonomy":"post_tag","embeddable":true,"href":"https:\/\/www.ades-grenoble.org\/wordpress\/wp-json\/wp\/v2\/tags?post=7688"}],"curies":[{"name":"wp","href":"https:\/\/api.w.org\/{rel}","templated":true}]}}