{"id":7691,"date":"2013-11-09T13:47:21","date_gmt":"2013-11-09T11:47:21","guid":{"rendered":"http:\/\/www.ades-grenoble.org\/wordpress\/?p=7691"},"modified":"2013-11-09T13:48:20","modified_gmt":"2013-11-09T11:48:20","slug":"politique-financiere-mauvaise-note-pour-la-majorite","status":"publish","type":"post","link":"https:\/\/www.ades-grenoble.org\/wordpress\/2013\/11\/09\/politique-financiere-mauvaise-note-pour-la-majorite\/","title":{"rendered":"Politique financi\u00e8re, mauvaise note pour la majorit\u00e9"},"content":{"rendered":"<div id=\"attachment_7693\" style=\"width: 624px\" class=\"wp-caption aligncenter\"><img loading=\"lazy\" decoding=\"async\" aria-describedby=\"caption-attachment-7693\" class=\" wp-image-7693    \" alt=\"Cled12-2014ServicesRendus\" src=\"http:\/\/www.ades-grenoble.org\/wordpress\/wp-content\/uploads\/2013\/11\/Cled12-2014ServicesRendus.jpg\" width=\"614\" height=\"442\" srcset=\"https:\/\/www.ades-grenoble.org\/wordpress\/wp-content\/uploads\/2013\/11\/Cled12-2014ServicesRendus.jpg 2648w, https:\/\/www.ades-grenoble.org\/wordpress\/wp-content\/uploads\/2013\/11\/Cled12-2014ServicesRendus-150x108.jpg 150w, https:\/\/www.ades-grenoble.org\/wordpress\/wp-content\/uploads\/2013\/11\/Cled12-2014ServicesRendus-300x216.jpg 300w, https:\/\/www.ades-grenoble.org\/wordpress\/wp-content\/uploads\/2013\/11\/Cled12-2014ServicesRendus-1024x737.jpg 1024w\" sizes=\"auto, (max-width: 614px) 100vw, 614px\" \/><p id=\"caption-attachment-7693\" class=\"wp-caption-text\">Dessin Cled&rsquo;12, tous droits r\u00e9serv\u00e9s<\/p><\/div>\n<p>A la veille des \u00e9lections il y a toujours des pol\u00e9miques simplistes sur la situation financi\u00e8re de la ville et sa gestion par la majorit\u00e9 municipale. Les magazines font de la vente avec des titres accrocheurs et des analyses malheureusement tr\u00e8s incompl\u00e8tes. A Grenoble la droite UMP raconte n\u2019importe quoi et la majorit\u00e9 municipale n\u2019assume pas ses choix en essayant de faire croire qu\u2019elle g\u00e8re mieux que la moyenne des autres grandes villes. Elle s\u2019appuie sur une \u00e9tude qui prend un cas particulier un couple avec 2 enfants. Ce qui n\u2019est pas du tout repr\u00e9sentatif des m\u00e9nages grenoblois (seulement 8 % des m\u00e9nages), et de plus ils calculent la somme des imp\u00f4ts de Grenoble de la M\u00e9tro et du d\u00e9partement, ce qui gomme la responsabilit\u00e9 de la seule ville. Il est plus correct de revenir \u00e0 l\u2019imp\u00f4t par habitant et uniquement la part de Grenoble. Voila la r\u00e9alit\u00e9 des chiffres que chacun peut v\u00e9rifier (<a href=\"http:\/\/www.collectivites-locales.gouv.fr\/\" target=\"_blank\">http:\/\/www.collectivites-locales.gouv.fr\/<\/a>). La majorit\u00e9 ne g\u00e8re pas mieux que la moyenne des autres grandes villes, et <a href=\"http:\/\/www.ades-grenoble.org\/wordpress\/2009\/09\/28\/tout-savoir-sur-les-impots-a-grenoble\/\">la brutale augmentation des imp\u00f4ts de 2009<\/a> est une exception grenobloise.<\/p>\n<p><!--more-->A partir de 2002, les statistiques nationales font la comparaison entre Grenoble et les villes de plus de 100\u00a0000 habitants appartenant \u00e0 une agglom\u00e9ration \u00e0 taxe professionnelle unique. Dans les graphiques suivants sont not\u00e9s les imp\u00f4ts locaux (taxe d\u2019habitation TH et taxe fonci\u00e8re b\u00e2ti TFB) pay\u00e9s uniquement \u00e0 la ville de Grenoble (hors agglom\u00e9ration et d\u00e9partement) divis\u00e9s par le nombre d\u2019habitants.<\/p>\n<p>Grenoble est la grande ville championne de la taxe fonci\u00e8re, ceci est un h\u00e9ritage des jeux Olympiques de 1968 qui avaient vu les imp\u00f4ts locaux multipli\u00e9s par 4\u00a0!<\/p>\n<p>Jusqu\u2019en 2008, la ville \u00e9tait aussi vertueuse (et m\u00eame plut\u00f4t meilleure) sur l\u2019\u00e9volution de la pression fiscale que la moyenne des autres grandes villes, par contre l\u2019augmentation de 2009 montre qu\u2019elle sort de mani\u00e8re tr\u00e8s claire de la moyenne et que l\u2019augmentation se poursuit ensuite de mani\u00e8re plus forte que la moyenne (voir la pente plus forte apr\u00e8s 2009).<\/p>\n<p><img loading=\"lazy\" decoding=\"async\" class=\" wp-image-7696 aligncenter\" alt=\"TFB2000-2015-GrenobleAutresVilles\" src=\"http:\/\/www.ades-grenoble.org\/wordpress\/wp-content\/uploads\/2013\/11\/TFB2000-2015-GrenobleAutresVilles.jpg\" width=\"527\" height=\"323\" \/><\/p>\n<p style=\"text-align: center;\"><img loading=\"lazy\" decoding=\"async\" class=\"wp-image-7698 aligncenter\" alt=\"TH2000-2015-GrenobleAutresVilles\" src=\"http:\/\/www.ades-grenoble.org\/wordpress\/wp-content\/uploads\/2013\/11\/TH2000-2015-GrenobleAutresVilles.jpg\" width=\"527\" height=\"323\" \/><\/p>\n<p style=\"text-align: center;\"><img loading=\"lazy\" decoding=\"async\" class=\"wp-image-7697 aligncenter\" alt=\"TH-TFB2000-2015-GrenobleAutresVilles\" src=\"http:\/\/www.ades-grenoble.org\/wordpress\/wp-content\/uploads\/2013\/11\/TH-TFB2000-2015-GrenobleAutresVilles.jpg\" width=\"527\" height=\"323\" \/><\/p>\n<p>Contrairement \u00e0 ce qui s\u2019\u00e9crit, les d\u00e9penses de fonctionnement des grandes villes n\u2019ont pas augment\u00e9 (en euros constants) sur les 10 derni\u00e8res ann\u00e9es. Jusqu\u2019en 2007 il y a eu une l\u00e9g\u00e8re croissance et depuis 2008 une l\u00e9g\u00e8re d\u00e9croissance (politiques d\u2019\u00e9conomies). Grenoble faisant comme les autres grandes villes mais pas mieux.<\/p>\n<p>Donc l\u2019augmentation des imp\u00f4ts de 2009 ne se justifie pas par la remise en \u00e9quilibre des finances de la ville, mais uniquement par la perspective de d\u00e9penses suppl\u00e9mentaires notamment li\u00e9es \u00e0 la pr\u00e9paration de la candidature aux Jeux Olympiques de 2018. Grenoble n\u2019a pas \u00e9conomis\u00e9 plus que les autres villes.<\/p>\n<p>Les imp\u00f4ts locaux sont les plus \u00e9lev\u00e9s \u00e0 Grenoble, mais en contrepartie la ville a une activit\u00e9 sup\u00e9rieure \u00e0 celle des autres villes surtout en fonctionnement. Ceci est historique. Il y a principalement l\u2019exception grenobloise du Centre communal d&rsquo;action sociale &#8211; CCAS (le 2\u00e8me apr\u00e8s Paris) qui d\u00e9pense 440 \u20ac par habitant, la subvention de la ville repr\u00e9sentant 150 \u20ac\/h, ce qui explique en grande partie les \u00e9carts d\u2019imp\u00f4ts avec la moyenne jusqu\u2019en 2008. Par contre apr\u00e8s l\u2019augmentation des imp\u00f4ts de 2009, l\u2019\u00e9cart entre Grenoble et la moyenne des grandes viles a augment\u00e9.<\/p>\n<p><strong>Ce qui compte pour l\u2019habitant c\u2019est le service rendu par la collectivit\u00e9. De ce point de vue la politique de la majorit\u00e9 est un \u00e9chec, la violente augmentation des imp\u00f4ts n\u2019a am\u00e9lior\u00e9 en rien le service rendu.<\/strong><\/p>\n<p>Une nouvelle politique \u00e9tait possible en concentrant tous les efforts sur la lutte contre les gaspillages et les projets inutiles. Un changement de politique en 2014 est n\u00e9cessaire mais certainement pas dans le sens souhait\u00e9 par la droite UMP et l\u2019extr\u00eame droite.<\/p>\n","protected":false},"excerpt":{"rendered":"<p>A la veille des \u00e9lections il y a toujours des pol\u00e9miques simplistes sur la situation financi\u00e8re de la ville et sa gestion par la majorit\u00e9 municipale. Les magazines font de la vente avec des titres accrocheurs et des analyses malheureusement tr\u00e8s incompl\u00e8tes. A Grenoble la droite UMP raconte n\u2019importe quoi et la majorit\u00e9 municipale n\u2019assume [&hellip;]<\/p>\n","protected":false},"author":1,"featured_media":0,"comment_status":"closed","ping_status":"open","sticky":false,"template":"","format":"standard","meta":{"twitterCardType":"","cardImageID":0,"cardImage":"","cardTitle":"","cardDesc":"","cardImageAlt":"","cardPlayer":"","cardPlayerWidth":0,"cardPlayerHeight":0,"cardPlayerStream":"","cardPlayerCodec":"","footnotes":""},"categories":[11],"tags":[47,19,20,115],"class_list":["post-7691","post","type-post","status-publish","format-standard","hentry","category-politique-locale","tag-budget-alternatif","tag-impots","tag-jo","tag-municipales-2014"],"_links":{"self":[{"href":"https:\/\/www.ades-grenoble.org\/wordpress\/wp-json\/wp\/v2\/posts\/7691","targetHints":{"allow":["GET"]}}],"collection":[{"href":"https:\/\/www.ades-grenoble.org\/wordpress\/wp-json\/wp\/v2\/posts"}],"about":[{"href":"https:\/\/www.ades-grenoble.org\/wordpress\/wp-json\/wp\/v2\/types\/post"}],"author":[{"embeddable":true,"href":"https:\/\/www.ades-grenoble.org\/wordpress\/wp-json\/wp\/v2\/users\/1"}],"replies":[{"embeddable":true,"href":"https:\/\/www.ades-grenoble.org\/wordpress\/wp-json\/wp\/v2\/comments?post=7691"}],"version-history":[{"count":4,"href":"https:\/\/www.ades-grenoble.org\/wordpress\/wp-json\/wp\/v2\/posts\/7691\/revisions"}],"predecessor-version":[{"id":7699,"href":"https:\/\/www.ades-grenoble.org\/wordpress\/wp-json\/wp\/v2\/posts\/7691\/revisions\/7699"}],"wp:attachment":[{"href":"https:\/\/www.ades-grenoble.org\/wordpress\/wp-json\/wp\/v2\/media?parent=7691"}],"wp:term":[{"taxonomy":"category","embeddable":true,"href":"https:\/\/www.ades-grenoble.org\/wordpress\/wp-json\/wp\/v2\/categories?post=7691"},{"taxonomy":"post_tag","embeddable":true,"href":"https:\/\/www.ades-grenoble.org\/wordpress\/wp-json\/wp\/v2\/tags?post=7691"}],"curies":[{"name":"wp","href":"https:\/\/api.w.org\/{rel}","templated":true}]}}