{"id":7706,"date":"2013-11-09T14:06:40","date_gmt":"2013-11-09T12:06:40","guid":{"rendered":"http:\/\/www.ades-grenoble.org\/wordpress\/?p=7706"},"modified":"2013-11-09T14:06:40","modified_gmt":"2013-11-09T12:06:40","slug":"enquete-publique-sur-le-plan-de-protection-de-latmosphere","status":"publish","type":"post","link":"https:\/\/www.ades-grenoble.org\/wordpress\/2013\/11\/09\/enquete-publique-sur-le-plan-de-protection-de-latmosphere\/","title":{"rendered":"Enqu\u00eate publique sur le Plan de Protection de l\u2019Atmosph\u00e8re"},"content":{"rendered":"<div id=\"attachment_5353\" style=\"width: 160px\" class=\"wp-caption alignleft\"><img loading=\"lazy\" decoding=\"async\" aria-describedby=\"caption-attachment-5353\" class=\"size-thumbnail wp-image-5353\" alt=\"Pollution sur la cuvette grenobloise (photos GK)\" src=\"http:\/\/www.ades-grenoble.org\/wordpress\/wp-content\/uploads\/2012\/03\/2012Pollution-Depuis-Le-Sappey1-150x100.jpg\" width=\"150\" height=\"100\" srcset=\"https:\/\/www.ades-grenoble.org\/wordpress\/wp-content\/uploads\/2012\/03\/2012Pollution-Depuis-Le-Sappey1-150x100.jpg 150w, https:\/\/www.ades-grenoble.org\/wordpress\/wp-content\/uploads\/2012\/03\/2012Pollution-Depuis-Le-Sappey1-300x200.jpg 300w, https:\/\/www.ades-grenoble.org\/wordpress\/wp-content\/uploads\/2012\/03\/2012Pollution-Depuis-Le-Sappey1.jpg 400w\" sizes=\"auto, (max-width: 150px) 100vw, 150px\" \/><p id=\"caption-attachment-5353\" class=\"wp-caption-text\">Pollution sur la cuvette grenobloise (photos GK)<\/p><\/div>\n<p>Si vous voulez respirer mieux \u00e0 l\u2019avenir, allez vite protester sur les registres de l\u2019enqu\u00eate publique (jusqu\u2019au 15 novembre) \u00e0 la mairie ou \u00e0 la M\u00e9tro sur l\u2019indigence du Plan de Protection de l\u2019Atmosph\u00e8re que nous propose l\u2019Etat. Le PPA propos\u00e9 ira jusqu\u2019en 2015 et donc la plupart des mesures propos\u00e9es ne prendrait effet qu\u2019apr\u00e8s cette date\u00a0! De plus il manque cruellement de moyens financiers pour mettre en \u0153uvre des mesures efficaces.<\/p>\n<p>Pour la pollution due aux automobiles, il renvoie au prochain PDU (Plan de D\u00e9placements Urbains) qui n\u2019existe pas. Il y a de nombreuses inexactitudes et oublis importants, exemple\u00a0: le nombre de morts pr\u00e9matur\u00e9s d\u00fb \u00e0 la pollution \u00e9tait de 150 par an pour 450\u00a0000 habitants dans l\u2019ancien PPA, il est toujours le m\u00eame pour 730\u00a0000 habitants, comme si le nuage de pollution s\u2019\u00e9tait arr\u00eat\u00e9 \u00e0 la fronti\u00e8re de l\u2019agglom\u00e9ration et avait \u00e9pargn\u00e9 le reste de la R\u00e9gion Urbaine\u00a0! <em><a href=\"http:\/\/www.ades-grenoble.org\/wordpress\/2013\/11\/06\/un-plan-de-protection-de-latmosphere-2011-2015-de-la-region-grenobloise-insuffisant\/\">Voir des d\u00e9tails dans la conf\u00e9rence de presse du 6 novembre 2013.<\/a><\/em><\/p>\n<p><!--more--><\/p>\n<p>A propos de pollution atmosph\u00e9rique due aux particules fines qui sont reconnues comme canc\u00e9rig\u00e8nes, le s\u00e9nateur Chiron, qui est souvent f\u00e2ch\u00e9 avec les chiffres, a parl\u00e9 <a href=\"http:\/\/www.ades-grenoble.org\/wordpress\/2013\/11\/09\/vous-avez-dit-projet-damenagement-et-de-developpement-durable\/\">le 4 novembre \u00e0 la r\u00e9union du PADD<\/a> (Projet d\u2019Am\u00e9nagement et de D\u00e9veloppement Durable) de concentrations de 30 g\/m3. Il y a juste un facteur 1 million entre ce qu\u2019il dit et la r\u00e9alit\u00e9 : les concentrations de ces particules se mesurent en fait en microgrammes par m3\u00a0! Alors on comprend mieux pourquoi la lutte contre ces particules n\u2019est pas engag\u00e9e comme il le faudrait dans l\u2019agglom\u00e9ration, puisque les \u00e9lus responsables ont des seuils d\u2019alerte aussi \u00e9lev\u00e9s\u00a0!<\/p>\n","protected":false},"excerpt":{"rendered":"<p>Si vous voulez respirer mieux \u00e0 l\u2019avenir, allez vite protester sur les registres de l\u2019enqu\u00eate publique (jusqu\u2019au 15 novembre) \u00e0 la mairie ou \u00e0 la M\u00e9tro sur l\u2019indigence du Plan de Protection de l\u2019Atmosph\u00e8re que nous propose l\u2019Etat. Le PPA propos\u00e9 ira jusqu\u2019en 2015 et donc la plupart des mesures propos\u00e9es ne prendrait effet qu\u2019apr\u00e8s [&hellip;]<\/p>\n","protected":false},"author":1,"featured_media":0,"comment_status":"closed","ping_status":"open","sticky":false,"template":"","format":"standard","meta":{"twitterCardType":"","cardImageID":0,"cardImage":"","cardTitle":"","cardDesc":"","cardImageAlt":"","cardPlayer":"","cardPlayerWidth":0,"cardPlayerHeight":0,"cardPlayerStream":"","cardPlayerCodec":"","footnotes":""},"categories":[11],"tags":[39,122],"class_list":["post-7706","post","type-post","status-publish","format-standard","hentry","category-politique-locale","tag-enquetes-publiques","tag-pollution-atmospherique"],"_links":{"self":[{"href":"https:\/\/www.ades-grenoble.org\/wordpress\/wp-json\/wp\/v2\/posts\/7706","targetHints":{"allow":["GET"]}}],"collection":[{"href":"https:\/\/www.ades-grenoble.org\/wordpress\/wp-json\/wp\/v2\/posts"}],"about":[{"href":"https:\/\/www.ades-grenoble.org\/wordpress\/wp-json\/wp\/v2\/types\/post"}],"author":[{"embeddable":true,"href":"https:\/\/www.ades-grenoble.org\/wordpress\/wp-json\/wp\/v2\/users\/1"}],"replies":[{"embeddable":true,"href":"https:\/\/www.ades-grenoble.org\/wordpress\/wp-json\/wp\/v2\/comments?post=7706"}],"version-history":[{"count":2,"href":"https:\/\/www.ades-grenoble.org\/wordpress\/wp-json\/wp\/v2\/posts\/7706\/revisions"}],"predecessor-version":[{"id":7708,"href":"https:\/\/www.ades-grenoble.org\/wordpress\/wp-json\/wp\/v2\/posts\/7706\/revisions\/7708"}],"wp:attachment":[{"href":"https:\/\/www.ades-grenoble.org\/wordpress\/wp-json\/wp\/v2\/media?parent=7706"}],"wp:term":[{"taxonomy":"category","embeddable":true,"href":"https:\/\/www.ades-grenoble.org\/wordpress\/wp-json\/wp\/v2\/categories?post=7706"},{"taxonomy":"post_tag","embeddable":true,"href":"https:\/\/www.ades-grenoble.org\/wordpress\/wp-json\/wp\/v2\/tags?post=7706"}],"curies":[{"name":"wp","href":"https:\/\/api.w.org\/{rel}","templated":true}]}}