{"id":7717,"date":"2013-11-09T14:30:30","date_gmt":"2013-11-09T12:30:30","guid":{"rendered":"http:\/\/www.ades-grenoble.org\/wordpress\/?p=7717"},"modified":"2013-11-16T14:03:57","modified_gmt":"2013-11-16T12:03:57","slug":"la-politique-la-vraie-debats-avec-les-habitants-par-le-rassemblement-grenoble-une-ville-pour-tous","status":"publish","type":"post","link":"https:\/\/www.ades-grenoble.org\/wordpress\/2013\/11\/09\/la-politique-la-vraie-debats-avec-les-habitants-par-le-rassemblement-grenoble-une-ville-pour-tous\/","title":{"rendered":"La politique, la vraie : d\u00e9bats avec les habitants par le rassemblement \u00ab Grenoble une ville pour tous \u00bb"},"content":{"rendered":"<p><a href=\"http:\/\/grenoble2014.org\" target=\"_blank\"><img loading=\"lazy\" decoding=\"async\" class=\" wp-image-7530 aligncenter\" alt=\"appelAuRassemblement2014\" src=\"http:\/\/www.ades-grenoble.org\/wordpress\/wp-content\/uploads\/2013\/10\/appelAuRassemblement2014.jpg\" width=\"300\" height=\"49\" srcset=\"https:\/\/www.ades-grenoble.org\/wordpress\/wp-content\/uploads\/2013\/10\/appelAuRassemblement2014.jpg 491w, https:\/\/www.ades-grenoble.org\/wordpress\/wp-content\/uploads\/2013\/10\/appelAuRassemblement2014-150x24.jpg 150w, https:\/\/www.ades-grenoble.org\/wordpress\/wp-content\/uploads\/2013\/10\/appelAuRassemblement2014-300x49.jpg 300w\" sizes=\"auto, (max-width: 300px) 100vw, 300px\" \/><\/a><\/p>\n<p>Le large rassemblement des Grenoblois \u00ab\u00a0Grenoble une ville pour tous\u00a0\u00bb va d\u00e9battre durant le mois de novembre avec les Grenoblois en leur pr\u00e9sentant ses premi\u00e8res propositions et les interrogera sur le th\u00e8me\u00a0: \u00ab\u00a0Et si vous \u00e9tiez maire, que feriez vous\u00a0?\u00a0\u00bb<\/p>\n<p style=\"text-align: center;\"><strong>Premi\u00e8re r\u00e9union\u00a0: Mercredi 13 novembre 20 h : Villeneuve, salle 150 en face du patio <\/strong><br \/>\n<strong>97 galerie de l\u2019Arlequin \/ tram A, arr\u00eat Arlequin<\/strong><\/p>\n<p>Ce rassemblement a vocation \u00e0 r\u00e9unir toutes les femmes et tous les hommes qui se reconnaissent dans les valeurs citoyennes, r\u00e9publicaines, de renouveau d\u00e9mocratique, d\u2019une gauche solidaire et d\u2019une \u00e9cologie populaire cr\u00e9atrice de solutions.<\/p>\n<p>Il propose de sortir des impasses et des vieilles recettes de la majorit\u00e9 socialiste sortante, de repousser les fausses solutions de la droite disqualifi\u00e9e par le retour de l\u2019ancien Maire condamn\u00e9 pour corruption et de refuser les propositions naus\u00e9abondes du Front National. Voila des bases d\u2019une nouvelle majorit\u00e9 innovante et porteuse d\u2019un renouveau d\u00e9mocratique !<\/p>\n<p>Pour toutes informations sur les r\u00e9unions et contact\u00a0: <a href=\"http:\/\/grenoble2014.org\" target=\"_blank\">http:\/\/grenoble2014.org<\/a><\/p>\n","protected":false},"excerpt":{"rendered":"<p>Le large rassemblement des Grenoblois \u00ab\u00a0Grenoble une ville pour tous\u00a0\u00bb va d\u00e9battre durant le mois de novembre avec les Grenoblois en leur pr\u00e9sentant ses premi\u00e8res propositions et les interrogera sur le th\u00e8me\u00a0: \u00ab\u00a0Et si vous \u00e9tiez maire, que feriez vous\u00a0?\u00a0\u00bb Premi\u00e8re r\u00e9union\u00a0: Mercredi 13 novembre 20 h : Villeneuve, salle 150 en face du patio [&hellip;]<\/p>\n","protected":false},"author":1,"featured_media":0,"comment_status":"closed","ping_status":"open","sticky":false,"template":"","format":"standard","meta":{"twitterCardType":"","cardImageID":0,"cardImage":"","cardTitle":"","cardDesc":"","cardImageAlt":"","cardPlayer":"","cardPlayerWidth":0,"cardPlayerHeight":0,"cardPlayerStream":"","cardPlayerCodec":"","footnotes":""},"categories":[11],"tags":[115,128],"class_list":["post-7717","post","type-post","status-publish","format-standard","hentry","category-politique-locale","tag-municipales-2014","tag-rassemblement-2014"],"_links":{"self":[{"href":"https:\/\/www.ades-grenoble.org\/wordpress\/wp-json\/wp\/v2\/posts\/7717","targetHints":{"allow":["GET"]}}],"collection":[{"href":"https:\/\/www.ades-grenoble.org\/wordpress\/wp-json\/wp\/v2\/posts"}],"about":[{"href":"https:\/\/www.ades-grenoble.org\/wordpress\/wp-json\/wp\/v2\/types\/post"}],"author":[{"embeddable":true,"href":"https:\/\/www.ades-grenoble.org\/wordpress\/wp-json\/wp\/v2\/users\/1"}],"replies":[{"embeddable":true,"href":"https:\/\/www.ades-grenoble.org\/wordpress\/wp-json\/wp\/v2\/comments?post=7717"}],"version-history":[{"count":3,"href":"https:\/\/www.ades-grenoble.org\/wordpress\/wp-json\/wp\/v2\/posts\/7717\/revisions"}],"predecessor-version":[{"id":7720,"href":"https:\/\/www.ades-grenoble.org\/wordpress\/wp-json\/wp\/v2\/posts\/7717\/revisions\/7720"}],"wp:attachment":[{"href":"https:\/\/www.ades-grenoble.org\/wordpress\/wp-json\/wp\/v2\/media?parent=7717"}],"wp:term":[{"taxonomy":"category","embeddable":true,"href":"https:\/\/www.ades-grenoble.org\/wordpress\/wp-json\/wp\/v2\/categories?post=7717"},{"taxonomy":"post_tag","embeddable":true,"href":"https:\/\/www.ades-grenoble.org\/wordpress\/wp-json\/wp\/v2\/tags?post=7717"}],"curies":[{"name":"wp","href":"https:\/\/api.w.org\/{rel}","templated":true}]}}