{"id":7724,"date":"2013-11-16T13:35:42","date_gmt":"2013-11-16T11:35:42","guid":{"rendered":"http:\/\/www.ades-grenoble.org\/wordpress\/?p=7724"},"modified":"2013-11-16T13:35:42","modified_gmt":"2013-11-16T11:35:42","slug":"le-president-du-conseil-general-et-la-biodiversite","status":"publish","type":"post","link":"https:\/\/www.ades-grenoble.org\/wordpress\/2013\/11\/16\/le-president-du-conseil-general-et-la-biodiversite\/","title":{"rendered":"Le pr\u00e9sident du Conseil g\u00e9n\u00e9ral et la biodiversit\u00e9"},"content":{"rendered":"<p>On ne lit jamais assez les publications du conseil g\u00e9n\u00e9ral. Le sujet principal du num\u00e9ro d\u2019Is\u00e8re magazine de novembre de 2013 est consacr\u00e9 \u00e0 l\u2019agriculture et au m\u00e9tier d\u2019agriculteur.<\/p>\n<p>Le pr\u00e9sident du conseil g\u00e9n\u00e9ral A. Vallini dans son \u00e9dito, nous dit que \u00ab\u00a0les Fran\u00e7ais ont toujours entretenu un lien fort avec la terre qui les nourrit\u00a0\u00bb\u2026\u00a0\u00ab\u00a0La France reste la premi\u00e8re puissance agricole europ\u00e9enne, les terres, devenues un enjeu sp\u00e9culatif, disparaissent sous le b\u00e9ton.\u00a0\u00bb\u2026\u00a0\u00ab\u00a0En Is\u00e8re, l\u2019agriculture de demain se pr\u00e9pare aujourd\u2019hui car l\u2019avenir aussi est dans le pr\u00e9.\u00a0\u00bb<\/p>\n<p>Ce constat que Ren\u00e9 Dumont a fait dans les ann\u00e9es 1970, est aujourd\u2019hui, fortement relay\u00e9 par un autre agronome de Rh\u00f4ne Alpes, &#8230; qui s\u2019efforce de transmettre aux g\u00e9n\u00e9rations futures qu\u2019il leur faut tout mettre en \u0153uvre pour que la Terre puisse continuer \u00e0 nourrir ses enfants. Mais pour cela, il est indispensable de pr\u00e9server la biodiversit\u00e9, c\u2019est gr\u00e2ce \u00e0 cela que la terre se r\u00e9g\u00e9n\u00e8re pour continuer \u00e0 produire des c\u00e9r\u00e9ales, faire pousser l\u2019herbe sur les prairies\u2026 Donc prot\u00e9ger la faune c\u2019est prot\u00e9ger la flore et les herbac\u00e9s.<\/p>\n<p>Mais voil\u00e0, le Pr\u00e9sident du Conseil g\u00e9n\u00e9ral quelques pages apr\u00e8s son \u00e9dito, \u00ab\u00a0d\u00e9nonce les entraves \u00e0 l\u2019action\u00a0\u00bb.<\/p>\n<p><!--more-->Certes au fil du temps, les l\u00e9gislations successives s\u2019amoncellent dans les divers Codes, de l\u2019environnement, de la sant\u00e9, de l\u2019urbanisme, etc. Malheureusement, jamais les parlementaires de droite ou de gauche, ne prennent le temps d\u2019effectuer une v\u00e9ritable mise \u00e0 plat des textes avant d\u2019en adopter de nouveaux, ce qui entra\u00eene un empilement de textes l\u00e9gislatifs, qui sont parfois contradictoires et font par ailleurs, les beaux jours de cabinets d\u2019avocats sp\u00e9cialis\u00e9s en d\u00e9fense de citoyens qui s\u2019opposent \u00e0 telle ou telle d\u00e9cision.<\/p>\n<p>L\u00e0 o\u00f9 \u00e7\u00e0 devient int\u00e9ressant, c\u2019est que le Pr\u00e9sident du conseil g\u00e9n\u00e9ral a pris l\u2019exemple d\u2019un projet de construction d\u2019un pont sur l\u2019Is\u00e8re lanc\u00e9 depuis 4 ans et toujours \u00e0 l\u2019\u00e9tat d\u2019\u00e9bauche en raison \u00ab\u00a0de prescriptions qui non seulement freinent le projet mais alourdissent aussi la facture du contribuable.\u00a0\u00bb<\/p>\n<p>Et de pr\u00e9ciser \u00ab\u00a0Ainsi, en plus du pont lui-m\u00eame, nous allons devoir r\u00e9aliser et financer la construction d\u2019une prairie naturelle, humide et en pente douce. Co\u00fbt\u00a0: 500\u00a0000 euros. L\u2019am\u00e9nagement de mares \u00e0 destination des tritons sur 13\u00a0000 m2 soit trois fois la surface impact\u00e9e par le chantier. Des mares que nous devrons entretenir pendant 10 ans\u00a0! Co\u00fbt 250\u00a0000 euros. Et enfin des corridors biologiques pour que l\u2019ensemble de la faune puisse traverser la route en toute s\u00e9curit\u00e9. Co\u00fbt\u00a0: 250\u00a0000 euros. \u2026\u00a0\u00ab\u00a0Je me dis que nous vivons dans un pays encore bien riche pour pouvoir s\u2019offrir ce genre d\u2019exag\u00e9rations.\u00a0\u00bb<\/p>\n<p>Tout ce discours, ressemble \u00e0 une phrase d\u00e9sormais c\u00e9l\u00e8bre \u00ab\u00a0l\u2019environnement \u00e7\u00e0 commence \u00e0 bien faire\u00a0\u00bb prononc\u00e9e par Nicolas Sarkozy.<\/p>\n<p>Le pr\u00e9sident du Conseil g\u00e9n\u00e9ral ne doit pas faire le lien avec la n\u00e9cessit\u00e9 absolue de prot\u00e9ger la faune et la flore pour que la terre ne se st\u00e9rilise pas et puisse continuer \u00e0 permettre la production de c\u00e9r\u00e9ales, de fruits et de l\u00e9gumes, mais aussi \u00e9viter que les cours d\u2019eau ne contiennent plus aucune esp\u00e8ce vivante en raison de la pollution des sols, qu\u2019ont entra\u00een\u00e9 nombre d\u2019ouvrages en b\u00e9ton et de routes goudronn\u00e9es.<\/p>\n<p>En retournant, la feuille de dol\u00e9ances contre les entraves, on pourrait simplement \u00e9crire que le Conseil g\u00e9n\u00e9ral de l\u2019Is\u00e8re est encore bien riche, pour avoir d\u00e9pens\u00e9 en pure perte 30 millions d\u2019euros, sans compter l\u2019achat de maisons, pour fabriquer un tunnel\u00a0: \u00e0 coup s\u00fbr une impasse qui n\u2019aurait pas am\u00e9lior\u00e9 la circulation mais aurait aggrav\u00e9 la pollution atmosph\u00e9rique de la cuvette grenobloise. Et que dire aussi de ces choix de verser des millions d\u2019euros aux grands groupes industriels pour le projet Nanotechnologies 2015\/2020. De l\u2019argent public qui va d\u2019abord servir \u00e0 r\u00e9mun\u00e9rer les actionnaires de ces multinationales.<\/p>\n<p>Donc pour faire quelques \u00e9conomies d\u2019argent public et continuer de prot\u00e9ger la biodiversit\u00e9, nous sugg\u00e9rons que les parlementaires tant du S\u00e9nat, comme A. Vallini, que de l\u2019Assembl\u00e9e Nationale se penchent rapidement sur les questions de la financiarisation de l\u2019\u00e9conomie. Ils pourraient par exemple, demander aux industriels d\u2019investir leurs b\u00e9n\u00e9fices dans des projets de recherches et d\u00e9veloppement, dans l\u2019am\u00e9lioration de leurs outils de production, plut\u00f4t que de verser des dividendes \u00e0 leurs actionnaires, qui s\u2019empressent de les transf\u00e9rer dans les paradis fiscaux. La r\u00e9vision compl\u00e8te de la politique fiscale de ce pays permettrait aux collectivit\u00e9s territoriales de percevoir un imp\u00f4t juste, afin de d\u00e9velopper de v\u00e9ritables politiques publiques pour la protection de l\u2019environnement et l\u2019installation et le maintien de jeunes agriculteurs dans notre d\u00e9partement.<\/p>\n","protected":false},"excerpt":{"rendered":"<p>On ne lit jamais assez les publications du conseil g\u00e9n\u00e9ral. Le sujet principal du num\u00e9ro d\u2019Is\u00e8re magazine de novembre de 2013 est consacr\u00e9 \u00e0 l\u2019agriculture et au m\u00e9tier d\u2019agriculteur. Le pr\u00e9sident du conseil g\u00e9n\u00e9ral A. Vallini dans son \u00e9dito, nous dit que \u00ab\u00a0les Fran\u00e7ais ont toujours entretenu un lien fort avec la terre qui les [&hellip;]<\/p>\n","protected":false},"author":1,"featured_media":0,"comment_status":"closed","ping_status":"open","sticky":false,"template":"","format":"standard","meta":{"twitterCardType":"","cardImageID":0,"cardImage":"","cardTitle":"","cardDesc":"","cardImageAlt":"","cardPlayer":"","cardPlayerWidth":0,"cardPlayerHeight":0,"cardPlayerStream":"","cardPlayerCodec":"","footnotes":""},"categories":[11],"tags":[22,46,24,107],"class_list":["post-7724","post","type-post","status-publish","format-standard","hentry","category-politique-locale","tag-conseil-general-de-lisere","tag-nanos","tag-rocade-nord","tag-vallini"],"_links":{"self":[{"href":"https:\/\/www.ades-grenoble.org\/wordpress\/wp-json\/wp\/v2\/posts\/7724","targetHints":{"allow":["GET"]}}],"collection":[{"href":"https:\/\/www.ades-grenoble.org\/wordpress\/wp-json\/wp\/v2\/posts"}],"about":[{"href":"https:\/\/www.ades-grenoble.org\/wordpress\/wp-json\/wp\/v2\/types\/post"}],"author":[{"embeddable":true,"href":"https:\/\/www.ades-grenoble.org\/wordpress\/wp-json\/wp\/v2\/users\/1"}],"replies":[{"embeddable":true,"href":"https:\/\/www.ades-grenoble.org\/wordpress\/wp-json\/wp\/v2\/comments?post=7724"}],"version-history":[{"count":3,"href":"https:\/\/www.ades-grenoble.org\/wordpress\/wp-json\/wp\/v2\/posts\/7724\/revisions"}],"predecessor-version":[{"id":7727,"href":"https:\/\/www.ades-grenoble.org\/wordpress\/wp-json\/wp\/v2\/posts\/7724\/revisions\/7727"}],"wp:attachment":[{"href":"https:\/\/www.ades-grenoble.org\/wordpress\/wp-json\/wp\/v2\/media?parent=7724"}],"wp:term":[{"taxonomy":"category","embeddable":true,"href":"https:\/\/www.ades-grenoble.org\/wordpress\/wp-json\/wp\/v2\/categories?post=7724"},{"taxonomy":"post_tag","embeddable":true,"href":"https:\/\/www.ades-grenoble.org\/wordpress\/wp-json\/wp\/v2\/tags?post=7724"}],"curies":[{"name":"wp","href":"https:\/\/api.w.org\/{rel}","templated":true}]}}