{"id":7761,"date":"2013-11-23T13:23:56","date_gmt":"2013-11-23T11:23:56","guid":{"rendered":"http:\/\/www.ades-grenoble.org\/wordpress\/?p=7761"},"modified":"2013-11-23T13:23:56","modified_gmt":"2013-11-23T11:23:56","slug":"finances-les-incompetences-de-la-droite","status":"publish","type":"post","link":"https:\/\/www.ades-grenoble.org\/wordpress\/2013\/11\/23\/finances-les-incompetences-de-la-droite\/","title":{"rendered":"Finances : les incomp\u00e9tences de la droite"},"content":{"rendered":"<p><img loading=\"lazy\" decoding=\"async\" class=\"alignleft size-thumbnail wp-image-350\" alt=\"tirelire\" src=\"http:\/\/www.ades-grenoble.org\/wordpress\/wp-content\/uploads\/2008\/12\/tirelire-150x150.jpg\" width=\"150\" height=\"150\" \/>Lors du d\u00e9bat d\u2019orientation budg\u00e9taire, l\u2019opposition de droite affirme qu\u2019il manque 3 millions d\u2019euros pour boucler le budget. Bigre : les fonctionnaires ne vont donc pas \u00eatre pay\u00e9s et les subventions aux associations coup\u00e9es\u00a0?<\/p>\n<p>Voila la r\u00e9alit\u00e9 propos\u00e9e par majorit\u00e9\u00a0:<\/p>\n<p><!--more-->les imp\u00f4ts vont rapporter 7,7 M\u20ac de plus en 2014 mais les dotations de l\u2019Etat vont diminuer de 1,2 M\u20ac, donc il restera que 6,2 M\u20ac de recettes suppl\u00e9mentaires. Par contre les d\u00e9penses de fonctionnement vont augmenter de 10 M\u20ac\u2026 Horreur un gouffre de 3M\u20ac s\u2019ouvre\u2026 Sauf que M. Chamussy, le leader de la droite municipale, oublie que l\u2019\u00e9pargne nette qui \u00e9tait tr\u00e8s importante (8 \u00e0 9 M\u20ac) va diminuer d\u2019autant (en fait de 4 M\u20ac). Le matelas que s\u2019\u00e9tait fait la majorit\u00e9 est l\u00e0 pour absorber cette diminution de recettes de fonctionnement et l\u2019augmentation des d\u00e9penses.<\/p>\n<p>A force de vouloir d\u00e9montrer que tout va mal, la droite raconte n\u2019importe quoi et d\u2019une certaine fa\u00e7on justifie l\u2019augmentation des imp\u00f4ts de 2009 comme moyen de sauver le budget de la ville et renforce les arguments du maire et de J. Safar.<\/p>\n<p><a href=\"http:\/\/www.ades-grenoble.org\/wordpress\/2009\/09\/28\/tout-savoir-sur-les-impots-a-grenoble\/\">La v\u00e9rit\u00e9 des chiffres montre qu\u2019au contraire cette augmentation d\u2019imp\u00f4ts \u00e9tait une facilit\u00e9 et non une n\u00e9cessit\u00e9.<\/a><\/p>\n","protected":false},"excerpt":{"rendered":"<p>Lors du d\u00e9bat d\u2019orientation budg\u00e9taire, l\u2019opposition de droite affirme qu\u2019il manque 3 millions d\u2019euros pour boucler le budget. Bigre : les fonctionnaires ne vont donc pas \u00eatre pay\u00e9s et les subventions aux associations coup\u00e9es\u00a0? Voila la r\u00e9alit\u00e9 propos\u00e9e par majorit\u00e9\u00a0:<\/p>\n","protected":false},"author":1,"featured_media":0,"comment_status":"closed","ping_status":"open","sticky":false,"template":"","format":"standard","meta":{"twitterCardType":"","cardImageID":0,"cardImage":"","cardTitle":"","cardDesc":"","cardImageAlt":"","cardPlayer":"","cardPlayerWidth":0,"cardPlayerHeight":0,"cardPlayerStream":"","cardPlayerCodec":"","footnotes":""},"categories":[11],"tags":[47,109,19],"class_list":["post-7761","post","type-post","status-publish","format-standard","hentry","category-politique-locale","tag-budget-alternatif","tag-droite","tag-impots"],"_links":{"self":[{"href":"https:\/\/www.ades-grenoble.org\/wordpress\/wp-json\/wp\/v2\/posts\/7761","targetHints":{"allow":["GET"]}}],"collection":[{"href":"https:\/\/www.ades-grenoble.org\/wordpress\/wp-json\/wp\/v2\/posts"}],"about":[{"href":"https:\/\/www.ades-grenoble.org\/wordpress\/wp-json\/wp\/v2\/types\/post"}],"author":[{"embeddable":true,"href":"https:\/\/www.ades-grenoble.org\/wordpress\/wp-json\/wp\/v2\/users\/1"}],"replies":[{"embeddable":true,"href":"https:\/\/www.ades-grenoble.org\/wordpress\/wp-json\/wp\/v2\/comments?post=7761"}],"version-history":[{"count":3,"href":"https:\/\/www.ades-grenoble.org\/wordpress\/wp-json\/wp\/v2\/posts\/7761\/revisions"}],"predecessor-version":[{"id":7764,"href":"https:\/\/www.ades-grenoble.org\/wordpress\/wp-json\/wp\/v2\/posts\/7761\/revisions\/7764"}],"wp:attachment":[{"href":"https:\/\/www.ades-grenoble.org\/wordpress\/wp-json\/wp\/v2\/media?parent=7761"}],"wp:term":[{"taxonomy":"category","embeddable":true,"href":"https:\/\/www.ades-grenoble.org\/wordpress\/wp-json\/wp\/v2\/categories?post=7761"},{"taxonomy":"post_tag","embeddable":true,"href":"https:\/\/www.ades-grenoble.org\/wordpress\/wp-json\/wp\/v2\/tags?post=7761"}],"curies":[{"name":"wp","href":"https:\/\/api.w.org\/{rel}","templated":true}]}}