{"id":7765,"date":"2013-11-23T13:32:57","date_gmt":"2013-11-23T11:32:57","guid":{"rendered":"http:\/\/www.ades-grenoble.org\/wordpress\/?p=7765"},"modified":"2013-11-23T13:32:57","modified_gmt":"2013-11-23T11:32:57","slug":"le-ps-perd-le-nord-en-parlant-deplacements","status":"publish","type":"post","link":"https:\/\/www.ades-grenoble.org\/wordpress\/2013\/11\/23\/le-ps-perd-le-nord-en-parlant-deplacements\/","title":{"rendered":"Le PS perd le nord en parlant d\u00e9placements"},"content":{"rendered":"<div id=\"attachment_7767\" style=\"width: 410px\" class=\"wp-caption alignleft\"><img loading=\"lazy\" decoding=\"async\" aria-describedby=\"caption-attachment-7767\" class=\"size-thumbnail wp-image-7767 \" alt=\"TractSafarTramAExtrait\" src=\"http:\/\/www.ades-grenoble.org\/wordpress\/wp-content\/uploads\/2013\/11\/TractSafarTramAExtrait.jpg\" width=\"400\" height=\"50\" \/><p id=\"caption-attachment-7767\" class=\"wp-caption-text\">Extrait du tract sur lequel figure un arr\u00eat de tram inexistant !<\/p><\/div>\n<p style=\"text-align: left;\">Le candidat du PS aux municipales convie les habitants \u00e0 une r\u00e9union publique sur les d\u00e9placements dans la ville et leur indique de prendre la ligne de Tram A pour descendre \u00e0 l\u2019arr\u00eat Notre Dame\u00a0! Les \u00e9ventuels auditeurs de la parole us\u00e9e de ce candidat qui soutient l\u2019aust\u00e9rit\u00e9 gouvernementale doivent s\u2019attendre \u00e0 un jeu de piste grandeur nature, puisque d\u2019arr\u00eat Notre Dame sur la ligne A il n\u2019y a pas.<\/p>\n<p>Pour leur \u00e9viter tout d\u00e9placement inutile, voici en deux mots l\u2019objet de cette r\u00e9union\u00a0:<\/p>\n<p><!--more-->le candidat du PS organise \u00ab\u00a0les primaires du projet\u00a0\u00bb. Une primaire c\u2019est un moyen de trancher entre plusieurs projets diff\u00e9rents. C\u2019est exactement ce qu\u2019il n\u2019a jamais fait pendant la dur\u00e9e de ce mandat. A tout point de vue on peut \u00eatre assur\u00e9 de la continuit\u00e9 puisque d\u00e9sign\u00e9 maire, il s\u2019entoure des m\u00eames adjoints. Il n\u2019y a d\u00e9cid\u00e9ment pas besoin de primaires, puisque tout est jou\u00e9 d\u2019avance\u00a0!<\/p>\n","protected":false},"excerpt":{"rendered":"<p>Le candidat du PS aux municipales convie les habitants \u00e0 une r\u00e9union publique sur les d\u00e9placements dans la ville et leur indique de prendre la ligne de Tram A pour descendre \u00e0 l\u2019arr\u00eat Notre Dame\u00a0! Les \u00e9ventuels auditeurs de la parole us\u00e9e de ce candidat qui soutient l\u2019aust\u00e9rit\u00e9 gouvernementale doivent s\u2019attendre \u00e0 un jeu de [&hellip;]<\/p>\n","protected":false},"author":1,"featured_media":0,"comment_status":"closed","ping_status":"open","sticky":false,"template":"","format":"standard","meta":{"twitterCardType":"","cardImageID":0,"cardImage":"","cardTitle":"","cardDesc":"","cardImageAlt":"","cardPlayer":"","cardPlayerWidth":0,"cardPlayerHeight":0,"cardPlayerStream":"","cardPlayerCodec":"","footnotes":""},"categories":[11],"tags":[115,126],"class_list":["post-7765","post","type-post","status-publish","format-standard","hentry","category-politique-locale","tag-municipales-2014","tag-safar"],"_links":{"self":[{"href":"https:\/\/www.ades-grenoble.org\/wordpress\/wp-json\/wp\/v2\/posts\/7765","targetHints":{"allow":["GET"]}}],"collection":[{"href":"https:\/\/www.ades-grenoble.org\/wordpress\/wp-json\/wp\/v2\/posts"}],"about":[{"href":"https:\/\/www.ades-grenoble.org\/wordpress\/wp-json\/wp\/v2\/types\/post"}],"author":[{"embeddable":true,"href":"https:\/\/www.ades-grenoble.org\/wordpress\/wp-json\/wp\/v2\/users\/1"}],"replies":[{"embeddable":true,"href":"https:\/\/www.ades-grenoble.org\/wordpress\/wp-json\/wp\/v2\/comments?post=7765"}],"version-history":[{"count":2,"href":"https:\/\/www.ades-grenoble.org\/wordpress\/wp-json\/wp\/v2\/posts\/7765\/revisions"}],"predecessor-version":[{"id":7768,"href":"https:\/\/www.ades-grenoble.org\/wordpress\/wp-json\/wp\/v2\/posts\/7765\/revisions\/7768"}],"wp:attachment":[{"href":"https:\/\/www.ades-grenoble.org\/wordpress\/wp-json\/wp\/v2\/media?parent=7765"}],"wp:term":[{"taxonomy":"category","embeddable":true,"href":"https:\/\/www.ades-grenoble.org\/wordpress\/wp-json\/wp\/v2\/categories?post=7765"},{"taxonomy":"post_tag","embeddable":true,"href":"https:\/\/www.ades-grenoble.org\/wordpress\/wp-json\/wp\/v2\/tags?post=7765"}],"curies":[{"name":"wp","href":"https:\/\/api.w.org\/{rel}","templated":true}]}}