{"id":7772,"date":"2013-11-23T13:44:15","date_gmt":"2013-11-23T11:44:15","guid":{"rendered":"http:\/\/www.ades-grenoble.org\/wordpress\/?p=7772"},"modified":"2013-11-23T13:44:15","modified_gmt":"2013-11-23T11:44:15","slug":"presquile-attention-a-la-desinformation","status":"publish","type":"post","link":"https:\/\/www.ades-grenoble.org\/wordpress\/2013\/11\/23\/presquile-attention-a-la-desinformation\/","title":{"rendered":"Presqu\u2019\u00eele, attention \u00e0 la d\u00e9sinformation !"},"content":{"rendered":"<p>Le nouveau gag du s\u00e9nateur Chiron, souvent f\u00e2ch\u00e9 avec la rigueur intellectuelle : sur la Presqu\u2019\u00eele scientifique une voiture avec plusieurs personnes \u00e0 bord ne polluera plus\u00a0! Seule l\u2019autosolisme (\u00eatre seul dans son v\u00e9hicule) est \u00e0 consid\u00e9rer\u00a0! Et tout cela pour essayer de faire croire que la Presqu\u2019\u00eele va devenir une \u00e9cocit\u00e9.<\/p>\n<p>Les m\u00e9dias tombent dans le pi\u00e8ge et pensent qu\u2019en 2025 le quartier va devenir \u00ab\u00a0presque sans automobile\u00a0\u00bb. Malheureusement ce ne sera pas le cas, bien au contraire, puisque la circulation automobile va fortement augmenter\u00a0! Elle va passer de 5 300 v\u00e9hicules par heure actuellement \u00e0 6\u00a0600 \u00e0 moyen terme et \u00e0 6950 \u00e0 long terme. Soit plus 31 %.<\/p>\n<p>Reprenons les chiffres de l\u2019\u00e9tude d\u2019impact d\u2019octobre 2011 sur le projet de ZAC (page 264).<\/p>\n<p><!--more-->L\u2019\u00e9tude donne le nombre de d\u00e9placements d\u2019\u00e9changes en automobile pour l\u2019autosolisme et les voitures avec plusieurs personnes \u00e0 bord (auto mutualis\u00e9e). C&rsquo;est-\u00e0-dire les v\u00e9hicules qui entrent ou qui sortent de la ZAC Presqu\u2019\u00eele mais qui ne la traversent pas (transit). Le transit resterait \u00e0 peu pr\u00e8s constant \u00e0 environ 3000 v\u00e9hicules par heure, mais il est \u00e0 craindre qu\u2019il augmente lorsque le nouveau pont sur l\u2019Is\u00e8re sera construit pour supprimer l\u2019ancienne A 48 sur l\u2019Esplanade. Les d\u00e9placements en interne ne sont pas estim\u00e9s. Donc les chiffres ci-dessous issus de l\u2019\u00e9tude d\u2019impact sont sous estim\u00e9s.<\/p>\n<table width=\"500\" border=\"1\" cellspacing=\"0\" cellpadding=\"5\">\n<col width=\"179\" \/>\n<col width=\"59\" \/>\n<col width=\"69\" \/>\n<col width=\"78\" \/>\n<col width=\"63\" \/>\n<tbody>\n<tr>\n<td colspan=\"5\" valign=\"bottom\" width=\"488\" height=\"10\">\n<p class=\"western\" style=\"text-align: center;\"><span style=\"color: #000000;\">Nombre de d\u00e9placements horaires en automobile au sein de la ZAC Presqu&rsquo;\u00eele<\/span><\/p>\n<\/td>\n<\/tr>\n<tr valign=\"bottom\">\n<td width=\"179\" height=\"11\">\n<p class=\"western\">\n<\/td>\n<td width=\"59\">\n<p class=\"western\">Etat actuel<\/p>\n<\/td>\n<td width=\"69\">\n<p class=\"western\">Court terme<\/p>\n<\/td>\n<td width=\"78\">\n<p class=\"western\">Moyen terme<\/p>\n<\/td>\n<td width=\"63\">\n<p class=\"western\">Long terme<\/p>\n<\/td>\n<\/tr>\n<tr valign=\"bottom\">\n<td width=\"179\" height=\"11\">\n<p class=\"western\"><span style=\"color: #000000;\">Autosolisme en \u00e9change<\/span><\/p>\n<\/td>\n<td width=\"59\">\n<p class=\"western\" align=\"right\">2000<\/p>\n<\/td>\n<td width=\"69\">\n<p class=\"western\" align=\"right\">2450<\/p>\n<\/td>\n<td width=\"78\">\n<p class=\"western\" align=\"right\">2850<\/p>\n<\/td>\n<td width=\"63\">\n<p class=\"western\" align=\"right\">2200<\/p>\n<\/td>\n<\/tr>\n<tr valign=\"bottom\">\n<td width=\"179\" height=\"11\">\n<p class=\"western\"><span style=\"color: #000000;\">auto mutualis\u00e9e en \u00e9change<\/span><\/p>\n<\/td>\n<td width=\"59\">\n<p class=\"western\" align=\"right\">200<\/p>\n<\/td>\n<td width=\"69\">\n<p class=\"western\" align=\"right\">350<\/p>\n<\/td>\n<td width=\"78\">\n<p class=\"western\" align=\"right\">950<\/p>\n<\/td>\n<td width=\"63\">\n<p class=\"western\" align=\"right\">1950<\/p>\n<\/td>\n<\/tr>\n<tr valign=\"bottom\">\n<td width=\"179\" height=\"11\">\n<p class=\"western\">transit<\/p>\n<\/td>\n<td width=\"59\">\n<p class=\"western\" align=\"right\">3100<\/p>\n<\/td>\n<td width=\"69\">\n<p class=\"western\" align=\"right\">3100<\/p>\n<\/td>\n<td width=\"78\">\n<p class=\"western\" align=\"right\">2800<\/p>\n<\/td>\n<td width=\"63\">\n<p class=\"western\" align=\"right\">2800<\/p>\n<\/td>\n<\/tr>\n<tr valign=\"bottom\">\n<td width=\"179\" height=\"10\">\n<p class=\"western\">Total<\/p>\n<\/td>\n<td width=\"59\">\n<p class=\"western\" align=\"right\">5300<\/p>\n<\/td>\n<td width=\"69\">\n<p class=\"western\" align=\"right\">5900<\/p>\n<\/td>\n<td width=\"78\">\n<p class=\"western\" align=\"right\">6600<\/p>\n<\/td>\n<td width=\"63\">\n<p class=\"western\" align=\"right\">6950<\/p>\n<\/td>\n<\/tr>\n<\/tbody>\n<\/table>\n<p>Conclusion, les d\u00e9placements en automobiles vont fortement augmenter dans la Presqu\u2019\u00eele (plus de 30%) et la pollution avec. On est loin de l\u2019\u00e9cocit\u00e9 ch\u00e8re au s\u00e9nateur et \u00e0 la majorit\u00e9 sortante.<\/p>\n","protected":false},"excerpt":{"rendered":"<p>Le nouveau gag du s\u00e9nateur Chiron, souvent f\u00e2ch\u00e9 avec la rigueur intellectuelle : sur la Presqu\u2019\u00eele scientifique une voiture avec plusieurs personnes \u00e0 bord ne polluera plus\u00a0! Seule l\u2019autosolisme (\u00eatre seul dans son v\u00e9hicule) est \u00e0 consid\u00e9rer\u00a0! Et tout cela pour essayer de faire croire que la Presqu\u2019\u00eele va devenir une \u00e9cocit\u00e9. Les m\u00e9dias tombent [&hellip;]<\/p>\n","protected":false},"author":1,"featured_media":0,"comment_status":"closed","ping_status":"open","sticky":false,"template":"","format":"standard","meta":{"twitterCardType":"","cardImageID":0,"cardImage":"","cardTitle":"","cardDesc":"","cardImageAlt":"","cardPlayer":"","cardPlayerWidth":0,"cardPlayerHeight":0,"cardPlayerStream":"","cardPlayerCodec":"","footnotes":""},"categories":[11],"tags":[5,234,122],"class_list":["post-7772","post","type-post","status-publish","format-standard","hentry","category-politique-locale","tag-deplacements","tag-giant","tag-pollution-atmospherique"],"_links":{"self":[{"href":"https:\/\/www.ades-grenoble.org\/wordpress\/wp-json\/wp\/v2\/posts\/7772","targetHints":{"allow":["GET"]}}],"collection":[{"href":"https:\/\/www.ades-grenoble.org\/wordpress\/wp-json\/wp\/v2\/posts"}],"about":[{"href":"https:\/\/www.ades-grenoble.org\/wordpress\/wp-json\/wp\/v2\/types\/post"}],"author":[{"embeddable":true,"href":"https:\/\/www.ades-grenoble.org\/wordpress\/wp-json\/wp\/v2\/users\/1"}],"replies":[{"embeddable":true,"href":"https:\/\/www.ades-grenoble.org\/wordpress\/wp-json\/wp\/v2\/comments?post=7772"}],"version-history":[{"count":2,"href":"https:\/\/www.ades-grenoble.org\/wordpress\/wp-json\/wp\/v2\/posts\/7772\/revisions"}],"predecessor-version":[{"id":7774,"href":"https:\/\/www.ades-grenoble.org\/wordpress\/wp-json\/wp\/v2\/posts\/7772\/revisions\/7774"}],"wp:attachment":[{"href":"https:\/\/www.ades-grenoble.org\/wordpress\/wp-json\/wp\/v2\/media?parent=7772"}],"wp:term":[{"taxonomy":"category","embeddable":true,"href":"https:\/\/www.ades-grenoble.org\/wordpress\/wp-json\/wp\/v2\/categories?post=7772"},{"taxonomy":"post_tag","embeddable":true,"href":"https:\/\/www.ades-grenoble.org\/wordpress\/wp-json\/wp\/v2\/tags?post=7772"}],"curies":[{"name":"wp","href":"https:\/\/api.w.org\/{rel}","templated":true}]}}