{"id":7780,"date":"2013-11-23T13:53:49","date_gmt":"2013-11-23T11:53:49","guid":{"rendered":"http:\/\/www.ades-grenoble.org\/wordpress\/?p=7780"},"modified":"2013-11-23T13:53:49","modified_gmt":"2013-11-23T11:53:49","slug":"conseil-municipal-ferme-aux-citoyens","status":"publish","type":"post","link":"https:\/\/www.ades-grenoble.org\/wordpress\/2013\/11\/23\/conseil-municipal-ferme-aux-citoyens\/","title":{"rendered":"Conseil municipal ferm\u00e9 aux citoyens !"},"content":{"rendered":"<p>Le dernier conseil municipal, lundi 18 novembre, comportait un ordre du jour tr\u00e8s copieux, mais de nombreux citoyens se sont vus refuser le droit d\u2019y assister. Ce mandat aura \u00e9t\u00e9 marqu\u00e9 par la peur et la m\u00e9fiance du maire et de sa majorit\u00e9 \u00e0 l\u2019\u00e9gard des habitants. Au moindre semblant de d\u00e9but de manifestation, m\u00eame sur le parvis de la mairie, les portes se ferment imm\u00e9diatement, la police municipale et la police nationale sont mobilis\u00e9es bien qu\u2019elles aient mieux \u00e0 faire ailleurs dans la ville. Des \u00e9lus ou anciens \u00e9lus et des citoyens ont \u00e9t\u00e9 emp\u00each\u00e9s d\u2019entrer au conseil municipal au pr\u00e9texte qu\u2019ils sortaient du groupe de manifestants qui avaient fort \u00e0 propos simul\u00e9 \u00e0 l\u2019aide d\u2019un cercueil, <a href=\"http:\/\/www.ades-grenoble.org\/wordpress\/2013\/11\/16\/enterrement-officiel-de-la-charte-de-la-democratie-locale\/\">l\u2019enterrement de la charte de la d\u00e9mocratie locale.<\/a><\/p>\n<p><!--more-->Cette c\u00e9r\u00e9monie symbolique a \u00e9t\u00e9 un moment fort de ce conseil municipal\u00a0: de quoi casser l\u2019ambiance d\u2019une majorit\u00e9 qui n\u2019a gu\u00e8re appr\u00e9ci\u00e9.<\/p>\n<p>Cette peur du peuple, cet enfermement des \u00e9lus dans leur blockhaus et l\u2019absence de d\u00e9bat vraiment d\u00e9mocratique sur la plupart des dossiers du mandat, montre des \u00e9lus coup\u00e9s des r\u00e9alit\u00e9s de la vie quotidienne des habitants. Et \u00e0 quelques mois de l\u2019\u00e9lection d\u2019une nouvelle \u00e9quipe municipale ils affichent leur peur de l\u2019avenir et s\u2019empressent de voter des projets contest\u00e9s pour tout bloquer et refuser le d\u00e9bat.<\/p>\n","protected":false},"excerpt":{"rendered":"<p>Le dernier conseil municipal, lundi 18 novembre, comportait un ordre du jour tr\u00e8s copieux, mais de nombreux citoyens se sont vus refuser le droit d\u2019y assister. Ce mandat aura \u00e9t\u00e9 marqu\u00e9 par la peur et la m\u00e9fiance du maire et de sa majorit\u00e9 \u00e0 l\u2019\u00e9gard des habitants. Au moindre semblant de d\u00e9but de manifestation, m\u00eame [&hellip;]<\/p>\n","protected":false},"author":1,"featured_media":0,"comment_status":"closed","ping_status":"open","sticky":false,"template":"","format":"standard","meta":{"twitterCardType":"","cardImageID":0,"cardImage":"","cardTitle":"","cardDesc":"","cardImageAlt":"","cardPlayer":"","cardPlayerWidth":0,"cardPlayerHeight":0,"cardPlayerStream":"","cardPlayerCodec":"","footnotes":""},"categories":[11],"tags":[67,35],"class_list":["post-7780","post","type-post","status-publish","format-standard","hentry","category-politique-locale","tag-conseil-municipal","tag-democratie-locale"],"_links":{"self":[{"href":"https:\/\/www.ades-grenoble.org\/wordpress\/wp-json\/wp\/v2\/posts\/7780","targetHints":{"allow":["GET"]}}],"collection":[{"href":"https:\/\/www.ades-grenoble.org\/wordpress\/wp-json\/wp\/v2\/posts"}],"about":[{"href":"https:\/\/www.ades-grenoble.org\/wordpress\/wp-json\/wp\/v2\/types\/post"}],"author":[{"embeddable":true,"href":"https:\/\/www.ades-grenoble.org\/wordpress\/wp-json\/wp\/v2\/users\/1"}],"replies":[{"embeddable":true,"href":"https:\/\/www.ades-grenoble.org\/wordpress\/wp-json\/wp\/v2\/comments?post=7780"}],"version-history":[{"count":1,"href":"https:\/\/www.ades-grenoble.org\/wordpress\/wp-json\/wp\/v2\/posts\/7780\/revisions"}],"predecessor-version":[{"id":7781,"href":"https:\/\/www.ades-grenoble.org\/wordpress\/wp-json\/wp\/v2\/posts\/7780\/revisions\/7781"}],"wp:attachment":[{"href":"https:\/\/www.ades-grenoble.org\/wordpress\/wp-json\/wp\/v2\/media?parent=7780"}],"wp:term":[{"taxonomy":"category","embeddable":true,"href":"https:\/\/www.ades-grenoble.org\/wordpress\/wp-json\/wp\/v2\/categories?post=7780"},{"taxonomy":"post_tag","embeddable":true,"href":"https:\/\/www.ades-grenoble.org\/wordpress\/wp-json\/wp\/v2\/tags?post=7780"}],"curies":[{"name":"wp","href":"https:\/\/api.w.org\/{rel}","templated":true}]}}