{"id":7782,"date":"2013-11-23T14:00:20","date_gmt":"2013-11-23T12:00:20","guid":{"rendered":"http:\/\/www.ades-grenoble.org\/wordpress\/?p=7782"},"modified":"2013-11-23T14:00:20","modified_gmt":"2013-11-23T12:00:20","slug":"politique-politicienne-gabegie-a-droite-roles-au-ps","status":"publish","type":"post","link":"https:\/\/www.ades-grenoble.org\/wordpress\/2013\/11\/23\/politique-politicienne-gabegie-a-droite-roles-au-ps\/","title":{"rendered":"Politique politicienne : gabegie \u00e0 droite, r\u00f4les au PS&#8230;"},"content":{"rendered":"<h3>A droite la gabegie continue<\/h3>\n<p>Les sp\u00e9cialistes du ralliement cherchent l\u00e0 o\u00f9 la soupe pourrait \u00eatre bonne\u00a0: A. Serrag lorgne du cot\u00e9 de Chamussy. Du c\u00f4t\u00e9 de l\u2019UDI de Borloo c\u2019est le grand n\u2019importe quoi\u00a0: ce pourrait \u00eatre avec Chamussy, ou Carignon et pourquoi pas Bonzy. On attend toujours la d\u00e9cision des instances nationales de l\u2019UMP, pour l\u2019instant Nathalie B\u00e9ranger joue les arbitres et fait l\u2019impossible union (autour d\u2018elle\u00a0?). Les petits candidats aux primaires (Piton et Lecordier) \u00e9taient des poissons pilotes de Carignon et Chamussy. Chacun avait mis un sous marin pour pr\u00e9parer des ralliements \u00e0 un \u00e9ventuel second tour des primaires. Chacun a maintenant ralli\u00e9 son pilote.<\/p>\n<p><!--more-->La droite UMP de l\u2019agglom\u00e9ration s\u2019int\u00e9resse \u00e0 la pollution atmosph\u00e9rique. Elle n\u2019a pas peur du ridicule, elle qui continue \u00e0 promouvoir le d\u00e9veloppement de la circulation automobile (\u00e9largissement de l\u2019A480, prolongement de l\u2019A51\u2026) une des sources principales de la pollution.<\/p>\n<p>\u00c7a commence \u00e0 se l\u00e9zarder chez Dumolard\u00a0: Mme Ostin n\u00b0 2 sur sa liste quitte le navire apr\u00e8s que Dumolard ait d\u00e9clar\u00e9 qu\u2019il respectait le FN (DL du 16 novembre), Un parti dont les membres n\u2019h\u00e9sitent pas \u00e0 prof\u00e9rer des injures ignobles \u00e0 l\u2019encontre entre autres de la Ministre de la Justice n\u2019est pas respectable.<\/p>\n<h3>Le PS est loin d\u2019\u00eatre serein et les t\u00e2ches sont distribu\u00e9es<\/h3>\n<p><a href=\"http:\/\/www.ades-grenoble.org\/wordpress\/2013\/09\/26\/quon-se-le-dise-ou-le-fait-du-prince\/\">Autour du candidat d\u00e9sign\u00e9 par le prince<\/a>, les portes paroles sont L. Masson et A. Djellal, le directeur de campagne O. Noblecourt. On est loin du renouvellement, ce sont tous des professionnels de la politique et depuis des ann\u00e9es enferm\u00e9s dans la mairie. Ils ont d\u00e9montr\u00e9 qu\u2019ils ne respectent pas la plupart de leurs promesses. Pour se faire \u00e9lire, ils vont avoir du mal \u00e0 \u00eatre cr\u00e9dibles et faire croire \u00e0 un changement dans leurs pratiques politiques. A. Djellal qui est propos\u00e9 aux attaques contre les oppositions, en donne des preuves quotidiennes. Il r\u00e9p\u00e8te comme un disque ray\u00e9\u00a0: \u00ab\u00a0j\u2019attends leurs propositions\u00a0\u00bb. Il ne lit pas le Rouge et le Vert qui a longueur de semaine critique les mauvais choix de la majorit\u00e9 municipale, dis pourquoi ils sont mauvais, et donne d\u2019autres possibilit\u00e9s \u00e0 d\u00e9battre avec les citoyens.<\/p>\n<h3>Le PC demande \u00e0 ses adh\u00e9rents de choisir entre l\u2019alliance avec le PS ou avec le Rassemblement<\/h3>\n<p>Les responsables du PC ont d\u00e9j\u00e0 fait le choix et n\u00e9goci\u00e9 l\u2019alliance avec le PS. Il serait tr\u00e8s surprenant que le vote des adh\u00e9rents contredise cette position, mais on peut toujours esp\u00e9rer une bonne surprise.<\/p>\n<h3>Comme pr\u00e9vu GO part avec Safar&#8230;<\/h3>\n<p>&#8230;ce qui ne l&#8217;emp\u00eache pas d&rsquo;aimer EELV, mais pas l\u2019ADES car son but est de d\u00e9zinguer la majorit\u00e9 actuelle (ce qui est juste) et a une approche trop populiste quand elle se rapproche de certains collectifs qui se battent pour des int\u00e9r\u00eats particuliers. Les collectifs\u00a0 : Mounier, Chauffage urbain, Vivre \u00e0 Grenoble et les collectifs de quartiers appr\u00e9cieront\u00a0! Au moins les choses sont claires, GO ne sait plus ce qu\u2019est la citoyennet\u00e9.<\/p>\n","protected":false},"excerpt":{"rendered":"<p>A droite la gabegie continue Les sp\u00e9cialistes du ralliement cherchent l\u00e0 o\u00f9 la soupe pourrait \u00eatre bonne\u00a0: A. Serrag lorgne du cot\u00e9 de Chamussy. Du c\u00f4t\u00e9 de l\u2019UDI de Borloo c\u2019est le grand n\u2019importe quoi\u00a0: ce pourrait \u00eatre avec Chamussy, ou Carignon et pourquoi pas Bonzy. On attend toujours la d\u00e9cision des instances nationales de [&hellip;]<\/p>\n","protected":false},"author":1,"featured_media":0,"comment_status":"closed","ping_status":"open","sticky":false,"template":"","format":"standard","meta":{"twitterCardType":"","cardImageID":0,"cardImage":"","cardTitle":"","cardDesc":"","cardImageAlt":"","cardPlayer":"","cardPlayerWidth":0,"cardPlayerHeight":0,"cardPlayerStream":"","cardPlayerCodec":"","footnotes":""},"categories":[11],"tags":[109,115,126],"class_list":["post-7782","post","type-post","status-publish","format-standard","hentry","category-politique-locale","tag-droite","tag-municipales-2014","tag-safar"],"_links":{"self":[{"href":"https:\/\/www.ades-grenoble.org\/wordpress\/wp-json\/wp\/v2\/posts\/7782","targetHints":{"allow":["GET"]}}],"collection":[{"href":"https:\/\/www.ades-grenoble.org\/wordpress\/wp-json\/wp\/v2\/posts"}],"about":[{"href":"https:\/\/www.ades-grenoble.org\/wordpress\/wp-json\/wp\/v2\/types\/post"}],"author":[{"embeddable":true,"href":"https:\/\/www.ades-grenoble.org\/wordpress\/wp-json\/wp\/v2\/users\/1"}],"replies":[{"embeddable":true,"href":"https:\/\/www.ades-grenoble.org\/wordpress\/wp-json\/wp\/v2\/comments?post=7782"}],"version-history":[{"count":1,"href":"https:\/\/www.ades-grenoble.org\/wordpress\/wp-json\/wp\/v2\/posts\/7782\/revisions"}],"predecessor-version":[{"id":7783,"href":"https:\/\/www.ades-grenoble.org\/wordpress\/wp-json\/wp\/v2\/posts\/7782\/revisions\/7783"}],"wp:attachment":[{"href":"https:\/\/www.ades-grenoble.org\/wordpress\/wp-json\/wp\/v2\/media?parent=7782"}],"wp:term":[{"taxonomy":"category","embeddable":true,"href":"https:\/\/www.ades-grenoble.org\/wordpress\/wp-json\/wp\/v2\/categories?post=7782"},{"taxonomy":"post_tag","embeddable":true,"href":"https:\/\/www.ades-grenoble.org\/wordpress\/wp-json\/wp\/v2\/tags?post=7782"}],"curies":[{"name":"wp","href":"https:\/\/api.w.org\/{rel}","templated":true}]}}