{"id":7802,"date":"2013-11-30T13:37:41","date_gmt":"2013-11-30T11:37:41","guid":{"rendered":"http:\/\/www.ades-grenoble.org\/wordpress\/?p=7802"},"modified":"2013-11-30T13:37:41","modified_gmt":"2013-11-30T11:37:41","slug":"urbanisme-et-justice-administrative-la-majorite-a-tout-faux","status":"publish","type":"post","link":"https:\/\/www.ades-grenoble.org\/wordpress\/2013\/11\/30\/urbanisme-et-justice-administrative-la-majorite-a-tout-faux\/","title":{"rendered":"Urbanisme et justice administrative : la majorit\u00e9 a tout faux !"},"content":{"rendered":"<p><img loading=\"lazy\" decoding=\"async\" class=\"alignleft size-thumbnail wp-image-5576\" style=\"margin: 5px;\" alt=\"vivre-a-grenoble-esplanade\" src=\"http:\/\/www.ades-grenoble.org\/wordpress\/wp-content\/uploads\/2012\/04\/vivre-a-grenoble-esplanade.jpg\" width=\"300\" height=\"130\" \/>Les mauvaises nouvelles tombent comme \u00e0 Gravelotte sur la majorit\u00e9 sortante. Des permis de construire annul\u00e9s et le PLU (Plan Local d\u2019Urbanisme) de l\u2019Esplanade en grand danger apr\u00e8s l\u2019audience au Tribunal Administratif de jeudi 28 novembre. Si le tribunal suit les conclusions du rapporteur public, la r\u00e9vision simplifi\u00e9e du PLU sera annul\u00e9e et le projet actuel sur l&rsquo;Esplanade bloqu\u00e9 pour des ann\u00e9es. Ce serait un beau cadeau de No\u00ebl pour <a href=\"http:\/\/www.vivreagrenoble.fr\/component\/content\/article\/98-petition-en-ligne-sauvez-votre-esplanade-de-la-destruction\" target=\"_blank\">les 10\u00a0000 Grenoblois signataires de la p\u00e9tition<\/a> (20 000 signataires en tout, en comptant les non grenoblois) qui demandent l\u2019arr\u00eat du projet. Il faudra alors repenser un nouveau projet avec les habitants, ce sera l\u2019enjeu des \u00e9lections municipales de mars 2014. On voit la diff\u00e9rence entre les discours (la droite qui ne fait rien) et les citoyens actifs qui se mobilisent pour le respect du droit et de la d\u00e9mocratie. Le Rassemblement citoyen, de gauche et \u00e9cologiste auquel l\u2019ADES apporte son fort soutien, fera des propositions constructives \u00e0 ce sujet.<\/p>\n<p><!--more-->Une d\u00e9cision r\u00e9cente (12 novembre) du tribunal administratif de Grenoble vient de donner raison au collectif Vivre \u00e0 Berriat (qui est adh\u00e9rent de <a href=\"http:\/\/www.vivreagrenoble.fr\/\" target=\"_blank\">l\u2019association Vivre \u00e0 Grenoble<\/a>) en annulant deux permis de construire.<\/p>\n<p>Le premier permis visait une construction de 14 logements par la soci\u00e9t\u00e9 ICP Crovela, rue Raspail. Des irr\u00e9gularit\u00e9s avaient \u00e9t\u00e9 corrig\u00e9es par un permis modificatif, mais il y avait encore une irr\u00e9gularit\u00e9 sur les surfaces des ouvertures pr\u00e9vues qui a \u00e9t\u00e9 sanctionn\u00e9e par le juge.<\/p>\n<p>Le deuxi\u00e8me permis par le m\u00eame constructeur pour 31 logements dans l\u2019ilot d\u2019Alembert comporte des irr\u00e9gularit\u00e9s importantes\u00a0: il ne respecte pas les conditions d\u2019\u00e9clairement et de ventilation d\u2019un voisin et dispose d\u2019une surface d\u2019ouverture insuffisante.<\/p>\n<p>L\u2019annulation est partielle, le droit devenant de plus en plus souple vis-\u00e0-vis des promoteurs, mais cela obligera celui-ci \u00e0 revoir sa copie. Voil\u00e0 une fois encore d\u00e9montr\u00e9e l\u2019incomp\u00e9tence des \u00e9lus de cette majorit\u00e9 et l\u2019impossibilit\u00e9 pour les services de la ville de pouvoir instruire simplement des permis \u00e0 cause de la complexit\u00e9 du r\u00e8glement du PLU. Il est urgent de le changer.<\/p>\n<p>Le 28 novembre des recours port\u00e9s d\u2019une part par des militants de l\u2019ADES et d\u2019autre part par l\u2019association \u00ab\u00a0Vivre \u00e0 Grenoble\u00a0\u00bb passaient \u00e0 l\u2019audience du tribunal administratif. Madame le rapporteur public proposait de rejeter les recours contre la modification du PLU concernant Flaubert et la Presqu\u2019\u00eele, par contre pour la r\u00e9vision simplifi\u00e9e du PLU de l\u2019Esplanade elle proposait de l\u2019annuler pour deux motifs importants\u00a0: la proc\u00e9dure de r\u00e9vision simplifi\u00e9e est irr\u00e9guli\u00e8re et la hauteur pr\u00e9vues des b\u00e2timents dans le PLU sont trop importantes et sont incompatibles avec les objectifs d\u00e9fendus concernant la protection des paysages. Si le tribunal suit ces moyens, le nouveau PLU dispara\u00eetra et pour la ZPPAUP (Zone de Protection du Patrimoine Architectural Urbain et Paysager) on reviendra \u00e0 l\u2019ancien qui emp\u00eache la r\u00e9alisation de la ZAC.<\/p>\n","protected":false},"excerpt":{"rendered":"<p>Les mauvaises nouvelles tombent comme \u00e0 Gravelotte sur la majorit\u00e9 sortante. Des permis de construire annul\u00e9s et le PLU (Plan Local d\u2019Urbanisme) de l\u2019Esplanade en grand danger apr\u00e8s l\u2019audience au Tribunal Administratif de jeudi 28 novembre. Si le tribunal suit les conclusions du rapporteur public, la r\u00e9vision simplifi\u00e9e du PLU sera annul\u00e9e et le projet [&hellip;]<\/p>\n","protected":false},"author":1,"featured_media":0,"comment_status":"closed","ping_status":"open","sticky":false,"template":"","format":"standard","meta":{"twitterCardType":"","cardImageID":0,"cardImage":"","cardTitle":"","cardDesc":"","cardImageAlt":"","cardPlayer":"","cardPlayerWidth":0,"cardPlayerHeight":0,"cardPlayerStream":"","cardPlayerCodec":"","footnotes":""},"categories":[11],"tags":[25,52,65],"class_list":["post-7802","post","type-post","status-publish","format-standard","hentry","category-politique-locale","tag-esplanade","tag-justice-administrative","tag-urbanisme"],"_links":{"self":[{"href":"https:\/\/www.ades-grenoble.org\/wordpress\/wp-json\/wp\/v2\/posts\/7802","targetHints":{"allow":["GET"]}}],"collection":[{"href":"https:\/\/www.ades-grenoble.org\/wordpress\/wp-json\/wp\/v2\/posts"}],"about":[{"href":"https:\/\/www.ades-grenoble.org\/wordpress\/wp-json\/wp\/v2\/types\/post"}],"author":[{"embeddable":true,"href":"https:\/\/www.ades-grenoble.org\/wordpress\/wp-json\/wp\/v2\/users\/1"}],"replies":[{"embeddable":true,"href":"https:\/\/www.ades-grenoble.org\/wordpress\/wp-json\/wp\/v2\/comments?post=7802"}],"version-history":[{"count":2,"href":"https:\/\/www.ades-grenoble.org\/wordpress\/wp-json\/wp\/v2\/posts\/7802\/revisions"}],"predecessor-version":[{"id":7804,"href":"https:\/\/www.ades-grenoble.org\/wordpress\/wp-json\/wp\/v2\/posts\/7802\/revisions\/7804"}],"wp:attachment":[{"href":"https:\/\/www.ades-grenoble.org\/wordpress\/wp-json\/wp\/v2\/media?parent=7802"}],"wp:term":[{"taxonomy":"category","embeddable":true,"href":"https:\/\/www.ades-grenoble.org\/wordpress\/wp-json\/wp\/v2\/categories?post=7802"},{"taxonomy":"post_tag","embeddable":true,"href":"https:\/\/www.ades-grenoble.org\/wordpress\/wp-json\/wp\/v2\/tags?post=7802"}],"curies":[{"name":"wp","href":"https:\/\/api.w.org\/{rel}","templated":true}]}}