{"id":7824,"date":"2013-12-06T21:37:10","date_gmt":"2013-12-06T19:37:10","guid":{"rendered":"http:\/\/www.ades-grenoble.org\/wordpress\/?p=7824"},"modified":"2013-12-06T21:37:10","modified_gmt":"2013-12-06T19:37:10","slug":"arthaud-ne-doit-pas-mourir","status":"publish","type":"post","link":"https:\/\/www.ades-grenoble.org\/wordpress\/2013\/12\/06\/arthaud-ne-doit-pas-mourir\/","title":{"rendered":"Arthaud ne doit pas mourir"},"content":{"rendered":"<p>Le tribunal de commerce de Paris vient de mettre en liquidation judiciaire les 53 librairies du r\u00e9seau Chapitre, dont Arthaud. Il y a poursuite de l\u2019activit\u00e9 jusqu\u2019au 7 janvier 2014. Ce d\u00e9lai tr\u00e8s court va rendre tr\u00e8s difficile des reprises s\u00e9rieuses. Les personnels et les collectivit\u00e9s doivent se mobiliser pour trouver la meilleure solution pour <a href=\"https:\/\/twitter.com\/Sauvez_Arthaud\" target=\"_blank\">sauver la librairie Arthaud<\/a> qui fait partie du patrimoine grenoblois.<\/p>\n","protected":false},"excerpt":{"rendered":"<p>Le tribunal de commerce de Paris vient de mettre en liquidation judiciaire les 53 librairies du r\u00e9seau Chapitre, dont Arthaud. Il y a poursuite de l\u2019activit\u00e9 jusqu\u2019au 7 janvier 2014. Ce d\u00e9lai tr\u00e8s court va rendre tr\u00e8s difficile des reprises s\u00e9rieuses. Les personnels et les collectivit\u00e9s doivent se mobiliser pour trouver la meilleure solution pour [&hellip;]<\/p>\n","protected":false},"author":1,"featured_media":0,"comment_status":"closed","ping_status":"open","sticky":false,"template":"","format":"standard","meta":{"twitterCardType":"","cardImageID":0,"cardImage":"","cardTitle":"","cardDesc":"","cardImageAlt":"","cardPlayer":"","cardPlayerWidth":0,"cardPlayerHeight":0,"cardPlayerStream":"","cardPlayerCodec":"","footnotes":""},"categories":[11],"tags":[12],"class_list":["post-7824","post","type-post","status-publish","format-standard","hentry","category-politique-locale","tag-mobilisations"],"_links":{"self":[{"href":"https:\/\/www.ades-grenoble.org\/wordpress\/wp-json\/wp\/v2\/posts\/7824","targetHints":{"allow":["GET"]}}],"collection":[{"href":"https:\/\/www.ades-grenoble.org\/wordpress\/wp-json\/wp\/v2\/posts"}],"about":[{"href":"https:\/\/www.ades-grenoble.org\/wordpress\/wp-json\/wp\/v2\/types\/post"}],"author":[{"embeddable":true,"href":"https:\/\/www.ades-grenoble.org\/wordpress\/wp-json\/wp\/v2\/users\/1"}],"replies":[{"embeddable":true,"href":"https:\/\/www.ades-grenoble.org\/wordpress\/wp-json\/wp\/v2\/comments?post=7824"}],"version-history":[{"count":2,"href":"https:\/\/www.ades-grenoble.org\/wordpress\/wp-json\/wp\/v2\/posts\/7824\/revisions"}],"predecessor-version":[{"id":7826,"href":"https:\/\/www.ades-grenoble.org\/wordpress\/wp-json\/wp\/v2\/posts\/7824\/revisions\/7826"}],"wp:attachment":[{"href":"https:\/\/www.ades-grenoble.org\/wordpress\/wp-json\/wp\/v2\/media?parent=7824"}],"wp:term":[{"taxonomy":"category","embeddable":true,"href":"https:\/\/www.ades-grenoble.org\/wordpress\/wp-json\/wp\/v2\/categories?post=7824"},{"taxonomy":"post_tag","embeddable":true,"href":"https:\/\/www.ades-grenoble.org\/wordpress\/wp-json\/wp\/v2\/tags?post=7824"}],"curies":[{"name":"wp","href":"https:\/\/api.w.org\/{rel}","templated":true}]}}