{"id":7907,"date":"2013-12-21T12:54:00","date_gmt":"2013-12-21T10:54:00","guid":{"rendered":"http:\/\/www.ades-grenoble.org\/wordpress\/?p=7907"},"modified":"2013-12-21T12:54:00","modified_gmt":"2013-12-21T10:54:00","slug":"comite-bidon-des-usagers-du-chauffage-urbain","status":"publish","type":"post","link":"https:\/\/www.ades-grenoble.org\/wordpress\/2013\/12\/21\/comite-bidon-des-usagers-du-chauffage-urbain\/","title":{"rendered":"Comit\u00e9 (bidon) des usagers du chauffage urbain"},"content":{"rendered":"<p>Pour essayer de se refaire une virginit\u00e9 d\u00e9mocratique, la majorit\u00e9 municipale a d\u00e9cid\u00e9 de mettre en place aupr\u00e8s de la Compagnie de Chauffage un comit\u00e9 des usagers du chauffage urbain. Tout cela serait bel et bon si ce comit\u00e9 \u00e9tait compos\u00e9 d\u2019une majorit\u00e9 de vrais usagers ce qui n\u2019est pas le cas. Encore un comit\u00e9 Th\u00e9odule (dixit de Gaulle en 1963) pour faire illusion.<\/p>\n<p><!--more-->Les usagers attendent toujours d\u2019avoir un tarif juste et solidaire et n\u2019esp\u00e8rent rien de ce comit\u00e9. <a href=\"http:\/\/www.ades-grenoble.org\/wordpress\/2013\/01\/25\/chauffage-urbain-une-victoire-tres-importante-pour-les-usagers\/\">Ils se tournent devant la justice pour faire valoir leurs droits<\/a> puisque la majorit\u00e9 municipale ne d\u00e9fend pas leurs int\u00e9r\u00eats, mais ceux d\u2019une SEM domin\u00e9e par des int\u00e9r\u00eats purement priv\u00e9s.<\/p>\n<p>Il existe un vrai comit\u00e9 des usagers aupr\u00e8s du service de l\u2019eau qui fonctionne depuis 13 ans et qui co-\u00e9labore les budgets et les tarifs avec la R\u00e9gie de l\u2019eau (ce doit \u00eatre unique en France). Celui du chauffage urbain ne pourra pas faire ce travail puisque les tarifs sont impos\u00e9s par les communes pour de longues ann\u00e9es dans le contrat de d\u00e9l\u00e9gation. Encore beaucoup de discours et pas d\u2019actes r\u00e9els. La cr\u00e9ation d\u2019une r\u00e9gie (intercommunale) pour le chauffage urbain permettrait de construire une d\u00e9mocratie dans ce service public et de supprimer l\u2019intervention de puissants int\u00e9r\u00eats priv\u00e9s dans le service public.<\/p>\n","protected":false},"excerpt":{"rendered":"<p>Pour essayer de se refaire une virginit\u00e9 d\u00e9mocratique, la majorit\u00e9 municipale a d\u00e9cid\u00e9 de mettre en place aupr\u00e8s de la Compagnie de Chauffage un comit\u00e9 des usagers du chauffage urbain. Tout cela serait bel et bon si ce comit\u00e9 \u00e9tait compos\u00e9 d\u2019une majorit\u00e9 de vrais usagers ce qui n\u2019est pas le cas. Encore un comit\u00e9 [&hellip;]<\/p>\n","protected":false},"author":1,"featured_media":0,"comment_status":"closed","ping_status":"open","sticky":false,"template":"","format":"standard","meta":{"twitterCardType":"","cardImageID":0,"cardImage":"","cardTitle":"","cardDesc":"","cardImageAlt":"","cardPlayer":"","cardPlayerWidth":0,"cardPlayerHeight":0,"cardPlayerStream":"","cardPlayerCodec":"","footnotes":""},"categories":[11],"tags":[27,232,55],"class_list":["post-7907","post","type-post","status-publish","format-standard","hentry","category-politique-locale","tag-cie-de-chauffage","tag-eau","tag-tarifs-publics"],"_links":{"self":[{"href":"https:\/\/www.ades-grenoble.org\/wordpress\/wp-json\/wp\/v2\/posts\/7907","targetHints":{"allow":["GET"]}}],"collection":[{"href":"https:\/\/www.ades-grenoble.org\/wordpress\/wp-json\/wp\/v2\/posts"}],"about":[{"href":"https:\/\/www.ades-grenoble.org\/wordpress\/wp-json\/wp\/v2\/types\/post"}],"author":[{"embeddable":true,"href":"https:\/\/www.ades-grenoble.org\/wordpress\/wp-json\/wp\/v2\/users\/1"}],"replies":[{"embeddable":true,"href":"https:\/\/www.ades-grenoble.org\/wordpress\/wp-json\/wp\/v2\/comments?post=7907"}],"version-history":[{"count":2,"href":"https:\/\/www.ades-grenoble.org\/wordpress\/wp-json\/wp\/v2\/posts\/7907\/revisions"}],"predecessor-version":[{"id":7909,"href":"https:\/\/www.ades-grenoble.org\/wordpress\/wp-json\/wp\/v2\/posts\/7907\/revisions\/7909"}],"wp:attachment":[{"href":"https:\/\/www.ades-grenoble.org\/wordpress\/wp-json\/wp\/v2\/media?parent=7907"}],"wp:term":[{"taxonomy":"category","embeddable":true,"href":"https:\/\/www.ades-grenoble.org\/wordpress\/wp-json\/wp\/v2\/categories?post=7907"},{"taxonomy":"post_tag","embeddable":true,"href":"https:\/\/www.ades-grenoble.org\/wordpress\/wp-json\/wp\/v2\/tags?post=7907"}],"curies":[{"name":"wp","href":"https:\/\/api.w.org\/{rel}","templated":true}]}}