{"id":7979,"date":"2014-01-10T23:11:07","date_gmt":"2014-01-10T21:11:07","guid":{"rendered":"http:\/\/www.ades-grenoble.org\/wordpress\/?p=7979"},"modified":"2014-01-10T23:11:07","modified_gmt":"2014-01-10T21:11:07","slug":"le-csa-critique-le-reportage-villeneuve-le-reve-brise","status":"publish","type":"post","link":"https:\/\/www.ades-grenoble.org\/wordpress\/2014\/01\/10\/le-csa-critique-le-reportage-villeneuve-le-reve-brise\/","title":{"rendered":"Le CSA critique le reportage \u00ab Villeneuve : le r\u00eave bris\u00e9 \u00bb"},"content":{"rendered":"<p>Le 20 novembre 2013, l\u2019assembl\u00e9e pl\u00e9ni\u00e8re du CSA (Conseil sup\u00e9rieur de l&rsquo;audiovisuel) a critiqu\u00e9 vertement <a href=\"http:\/\/www.ades-grenoble.org\/wordpress\/2013\/10\/11\/retour-sur-le-reportage-sur-la-villeneuve\/\">le reportage d\u00e9nigrant la Villeneuve dans l\u2019\u00e9mission \u00ab\u00a0Envoy\u00e9 sp\u00e9cial\u00a0\u00bb<\/a>. Le CSA consid\u00e8re que la chaine a manqu\u00e9 aux obligations d\u00e9ontologiques. Sa d\u00e9cision a \u00e9t\u00e9 publi\u00e9e le 8 janvier 2014. Cela va certainement aider les habitants qui ont d\u00e9pos\u00e9 plainte contre l\u2019\u00e9mission scandaleuse.<\/p>\n<p>Voici l\u2019int\u00e9gralit\u00e9 de la d\u00e9cision du CSA\u00a0:<\/p>\n<p><!--more-->\u00ab\u00a0Le Conseil est intervenu aupr\u00e8s de France T\u00e9l\u00e9visions \u00e0 la suite de la diffusion, dans l\u2019\u00e9mission Envoy\u00e9 sp\u00e9cial du 26 septembre 2013 sur France 2, du reportage intitul\u00e9 \u00ab Villeneuve : le r\u00eave bris\u00e9 \u00bb, portant sur ce quartier populaire de Grenoble.<\/p>\n<p>Il consid\u00e8re en effet que la cha\u00eene a manqu\u00e9 aux obligations d\u00e9ontologiques pr\u00e9vues \u00e0 l\u2019article 35 de son cahier des charges, la n\u00e9cessit\u00e9 d\u2019assurer la diversit\u00e9 des points de vue sur un sujet pr\u00eatant \u00e0 controverse n\u2019ayant pas \u00e9t\u00e9 totalement respect\u00e9e le reportage n\u2019apparaissant pas suffisamment \u00e9quilibr\u00e9.<\/p>\n<p>Il d\u00e9plore en particulier que seuls les aspects n\u00e9gatifs du quartier aient \u00e9t\u00e9 mis en avant, stigmatisant l\u2019ensemble du quartier de la Villeneuve. Les rares \u00e9l\u00e9ments positifs abord\u00e9s \u00e0 l\u2019antenne ont \u00e9t\u00e9 syst\u00e9matiquement d\u00e9valoris\u00e9s par la mise en avant de la violence et du climat hostile qui r\u00e9gneraient dans ce quartier.\u00a0\u00bb<\/p>\n","protected":false},"excerpt":{"rendered":"<p>Le 20 novembre 2013, l\u2019assembl\u00e9e pl\u00e9ni\u00e8re du CSA (Conseil sup\u00e9rieur de l&rsquo;audiovisuel) a critiqu\u00e9 vertement le reportage d\u00e9nigrant la Villeneuve dans l\u2019\u00e9mission \u00ab\u00a0Envoy\u00e9 sp\u00e9cial\u00a0\u00bb. Le CSA consid\u00e8re que la chaine a manqu\u00e9 aux obligations d\u00e9ontologiques. Sa d\u00e9cision a \u00e9t\u00e9 publi\u00e9e le 8 janvier 2014. Cela va certainement aider les habitants qui ont d\u00e9pos\u00e9 plainte contre [&hellip;]<\/p>\n","protected":false},"author":1,"featured_media":0,"comment_status":"closed","ping_status":"open","sticky":false,"template":"","format":"standard","meta":{"twitterCardType":"","cardImageID":0,"cardImage":"","cardTitle":"","cardDesc":"","cardImageAlt":"","cardPlayer":"","cardPlayerWidth":0,"cardPlayerHeight":0,"cardPlayerStream":"","cardPlayerCodec":"","footnotes":""},"categories":[11],"tags":[82],"class_list":["post-7979","post","type-post","status-publish","format-standard","hentry","category-politique-locale","tag-villeneuve"],"_links":{"self":[{"href":"https:\/\/www.ades-grenoble.org\/wordpress\/wp-json\/wp\/v2\/posts\/7979","targetHints":{"allow":["GET"]}}],"collection":[{"href":"https:\/\/www.ades-grenoble.org\/wordpress\/wp-json\/wp\/v2\/posts"}],"about":[{"href":"https:\/\/www.ades-grenoble.org\/wordpress\/wp-json\/wp\/v2\/types\/post"}],"author":[{"embeddable":true,"href":"https:\/\/www.ades-grenoble.org\/wordpress\/wp-json\/wp\/v2\/users\/1"}],"replies":[{"embeddable":true,"href":"https:\/\/www.ades-grenoble.org\/wordpress\/wp-json\/wp\/v2\/comments?post=7979"}],"version-history":[{"count":2,"href":"https:\/\/www.ades-grenoble.org\/wordpress\/wp-json\/wp\/v2\/posts\/7979\/revisions"}],"predecessor-version":[{"id":7981,"href":"https:\/\/www.ades-grenoble.org\/wordpress\/wp-json\/wp\/v2\/posts\/7979\/revisions\/7981"}],"wp:attachment":[{"href":"https:\/\/www.ades-grenoble.org\/wordpress\/wp-json\/wp\/v2\/media?parent=7979"}],"wp:term":[{"taxonomy":"category","embeddable":true,"href":"https:\/\/www.ades-grenoble.org\/wordpress\/wp-json\/wp\/v2\/categories?post=7979"},{"taxonomy":"post_tag","embeddable":true,"href":"https:\/\/www.ades-grenoble.org\/wordpress\/wp-json\/wp\/v2\/tags?post=7979"}],"curies":[{"name":"wp","href":"https:\/\/api.w.org\/{rel}","templated":true}]}}