{"id":8001,"date":"2014-01-18T16:07:32","date_gmt":"2014-01-18T14:07:32","guid":{"rendered":"http:\/\/www.ades-grenoble.org\/wordpress\/?p=8001"},"modified":"2014-01-18T16:07:32","modified_gmt":"2014-01-18T14:07:32","slug":"soutenir-le-mouvement-des-pompiers-de-lisere","status":"publish","type":"post","link":"https:\/\/www.ades-grenoble.org\/wordpress\/2014\/01\/18\/soutenir-le-mouvement-des-pompiers-de-lisere\/","title":{"rendered":"Soutenir le mouvement des Pompiers de l\u2019Is\u00e8re"},"content":{"rendered":"<p>Les sapeurs-pompiers professionnels de l\u2019Is\u00e8re poursuivent leur mouvement et proposent aux is\u00e9rois de signer une p\u00e9tition\u00a0sur internet\u00a0: <a href=\"http:\/\/www.petitionpublique.fr\/?pi=P2014N45700\" target=\"_blank\">http:\/\/www.petitionpublique.fr\/?pi=P2014N45700<\/a><\/p>\n<p>\u00ab\u00a0Sapeurs, caporaux, sous-officiers et officiers, mais aussi personnels administratifs et techniques, par-del\u00e0 nos opinions diverses, nous avons d\u00e9cid\u00e9 de nous adresser aux Is\u00e9rois.<\/p>\n<p>Il s\u2019agit de d\u00e9noncer la violente r\u00e9pression et le m\u00e9pris des \u00e9lus politiques du conseil d\u2019administration \u00e0 l&rsquo;encontre des sapeurs-pompiers professionnels de l\u2019Is\u00e8re et du personnel administratif et technique du SDIS 38.<\/p>\n<p><!--more-->L\u2019administration du SDIS 38 souhaite augmenter le temps de travail des agents de 67 h sans aucune compensation.<\/p>\n<p>C&rsquo;est la quatri\u00e8me ann\u00e9e que nos salaires de fonctionnaires sont gel\u00e9s.<\/p>\n<p>Les sapeurs-pompiers professionnels n&rsquo;ont AUCUNE compensation pour le travail qu&rsquo;ils effectuent les week-ends et jours f\u00e9ri\u00e9s. Aucune majoration salariale pour les nuits. Nous n&rsquo;acceptons pas de travailler plus pour au final gagner moins\u2026.<\/p>\n<p>Depuis des mois nous nous adressons aux \u00e9lus politiques pour les avertir du profond malaise au sein des personnels, en vain.<\/p>\n<p>Les \u00e9lus affirment \u00eatre \u00e0 l\u2019\u00e9coute des repr\u00e9sentants du personnel\u2026 ILS MENTENT !<\/p>\n<ul>\n<li>Non \u00e0 l\u2019augmentation du temps de travail au sein du SDIS 38.<\/li>\n<li>Non aux sanctions.<\/li>\n<li>Oui \u00e0 la nomination rapide d\u2019un m\u00e9diateur.<\/li>\n<li>Oui \u00e0 l\u2019augmentation des effectifs professionnels.<\/li>\n<li>Oui au d\u00e9part du directeur d\u00e9partemental.<\/li>\n<\/ul>\n<p>Vos sapeurs-pompiers professionnels garantissent des secours de haut niveau \u00e0 toute la population sans distinction sociale. Nous sommes souvent le dernier recours pour les plus d\u00e9munis, et c\u2019est l\u00e0 notre fiert\u00e9.\u00a0\u00bb<\/p>\n","protected":false},"excerpt":{"rendered":"<p>Les sapeurs-pompiers professionnels de l\u2019Is\u00e8re poursuivent leur mouvement et proposent aux is\u00e9rois de signer une p\u00e9tition\u00a0sur internet\u00a0: http:\/\/www.petitionpublique.fr\/?pi=P2014N45700 \u00ab\u00a0Sapeurs, caporaux, sous-officiers et officiers, mais aussi personnels administratifs et techniques, par-del\u00e0 nos opinions diverses, nous avons d\u00e9cid\u00e9 de nous adresser aux Is\u00e9rois. Il s\u2019agit de d\u00e9noncer la violente r\u00e9pression et le m\u00e9pris des \u00e9lus politiques du [&hellip;]<\/p>\n","protected":false},"author":1,"featured_media":0,"comment_status":"closed","ping_status":"open","sticky":false,"template":"","format":"standard","meta":{"twitterCardType":"","cardImageID":0,"cardImage":"","cardTitle":"","cardDesc":"","cardImageAlt":"","cardPlayer":"","cardPlayerWidth":0,"cardPlayerHeight":0,"cardPlayerStream":"","cardPlayerCodec":"","footnotes":""},"categories":[11],"tags":[12],"class_list":["post-8001","post","type-post","status-publish","format-standard","hentry","category-politique-locale","tag-mobilisations"],"_links":{"self":[{"href":"https:\/\/www.ades-grenoble.org\/wordpress\/wp-json\/wp\/v2\/posts\/8001","targetHints":{"allow":["GET"]}}],"collection":[{"href":"https:\/\/www.ades-grenoble.org\/wordpress\/wp-json\/wp\/v2\/posts"}],"about":[{"href":"https:\/\/www.ades-grenoble.org\/wordpress\/wp-json\/wp\/v2\/types\/post"}],"author":[{"embeddable":true,"href":"https:\/\/www.ades-grenoble.org\/wordpress\/wp-json\/wp\/v2\/users\/1"}],"replies":[{"embeddable":true,"href":"https:\/\/www.ades-grenoble.org\/wordpress\/wp-json\/wp\/v2\/comments?post=8001"}],"version-history":[{"count":2,"href":"https:\/\/www.ades-grenoble.org\/wordpress\/wp-json\/wp\/v2\/posts\/8001\/revisions"}],"predecessor-version":[{"id":8003,"href":"https:\/\/www.ades-grenoble.org\/wordpress\/wp-json\/wp\/v2\/posts\/8001\/revisions\/8003"}],"wp:attachment":[{"href":"https:\/\/www.ades-grenoble.org\/wordpress\/wp-json\/wp\/v2\/media?parent=8001"}],"wp:term":[{"taxonomy":"category","embeddable":true,"href":"https:\/\/www.ades-grenoble.org\/wordpress\/wp-json\/wp\/v2\/categories?post=8001"},{"taxonomy":"post_tag","embeddable":true,"href":"https:\/\/www.ades-grenoble.org\/wordpress\/wp-json\/wp\/v2\/tags?post=8001"}],"curies":[{"name":"wp","href":"https:\/\/api.w.org\/{rel}","templated":true}]}}