{"id":8115,"date":"2014-02-15T11:04:16","date_gmt":"2014-02-15T09:04:16","guid":{"rendered":"http:\/\/www.ades-grenoble.org\/wordpress\/?p=8115"},"modified":"2014-02-15T11:04:16","modified_gmt":"2014-02-15T09:04:16","slug":"g-fioraso-veut-former-les-futurs-patrons-des-la-maternelle","status":"publish","type":"post","link":"https:\/\/www.ades-grenoble.org\/wordpress\/2014\/02\/15\/g-fioraso-veut-former-les-futurs-patrons-des-la-maternelle\/","title":{"rendered":"G. Fioraso veut former les futurs patrons d\u00e8s la maternelle !"},"content":{"rendered":"<p>Ce n\u2019est plus le \u00ab\u00a0parler bambin\u00a0\u00bb, c\u2019est le \u00ab\u00a0parler patron\u00a0\u00bb qu\u2019on va enseigner dans les cr\u00e8ches \u00e0 Grenoble et\u00a0 les \u00e9coles maternelles\u00a0! Ils sont devenus fous au PS et au gouvernement\u00a0!<\/p>\n<p>Lors de l&rsquo;\u00e9dition 2014 du\u00a0Salon des entrepreneurs, la ministre de l\u2019enseignement sup\u00e9rieur a d\u00e9clar\u00e9 vouloir insuffler l&rsquo;envie d&rsquo;entreprendre le plus t\u00f4t possible et m\u00eame \u00ab d\u00e8s l&rsquo;\u00e9cole maternelle \u00bb.<\/p>\n<p><!--more--><a href=\"http:\/\/www.terrafemina.com\/emploi-a-carrieres\/creation-entreprise\/articles\/37674-genevieve-fioraso-veut-former-les-futurs-patrons-des-la-maternelle.html\" target=\"_blank\">Selon le site \u00ab\u00a0terrafemina.com\u00a0\u00bb\u00a0la ministre a imagin\u00e9 un plan en faveur de l&rsquo;entrepreneuriat \u00e9tudiant<\/a>. Parmi les mesures envisag\u00e9es : la cr\u00e9ation d&rsquo;un statut \u00ab \u00e9tudiant-entrepreneur \u00bb accessible d\u00e8s la rentr\u00e9e 2014. Mais la ministre aimerait aller encore plus loin pour transmettre la culture entrepreneuriale. Elle r\u00eave en effet de la distiller d\u00e8s l&rsquo;\u00e9cole maternelle. \u00ab Je pense que si on veut avoir davantage d&rsquo;\u00e9tudiants [dans l&rsquo;entrepreneuriat, ndlr], si on veut avoir une vraie \u00e9quipe France, c&rsquo;est la culture qu&rsquo;il faut changer et il faut commencer tr\u00e8s t\u00f4t, il faut m\u00eame commencer d\u00e8s l&rsquo;\u00e9cole maternelle \u00bb.<\/p>\n","protected":false},"excerpt":{"rendered":"<p>Ce n\u2019est plus le \u00ab\u00a0parler bambin\u00a0\u00bb, c\u2019est le \u00ab\u00a0parler patron\u00a0\u00bb qu\u2019on va enseigner dans les cr\u00e8ches \u00e0 Grenoble et\u00a0 les \u00e9coles maternelles\u00a0! Ils sont devenus fous au PS et au gouvernement\u00a0! Lors de l&rsquo;\u00e9dition 2014 du\u00a0Salon des entrepreneurs, la ministre de l\u2019enseignement sup\u00e9rieur a d\u00e9clar\u00e9 vouloir insuffler l&rsquo;envie d&rsquo;entreprendre le plus t\u00f4t possible et m\u00eame [&hellip;]<\/p>\n","protected":false},"author":1,"featured_media":0,"comment_status":"closed","ping_status":"open","sticky":false,"template":"","format":"standard","meta":{"twitterCardType":"","cardImageID":0,"cardImage":"","cardTitle":"","cardDesc":"","cardImageAlt":"","cardPlayer":"","cardPlayerWidth":0,"cardPlayerHeight":0,"cardPlayerStream":"","cardPlayerCodec":"","footnotes":""},"categories":[11],"tags":[40,112],"class_list":["post-8115","post","type-post","status-publish","format-standard","hentry","category-politique-locale","tag-education","tag-fioraso"],"_links":{"self":[{"href":"https:\/\/www.ades-grenoble.org\/wordpress\/wp-json\/wp\/v2\/posts\/8115","targetHints":{"allow":["GET"]}}],"collection":[{"href":"https:\/\/www.ades-grenoble.org\/wordpress\/wp-json\/wp\/v2\/posts"}],"about":[{"href":"https:\/\/www.ades-grenoble.org\/wordpress\/wp-json\/wp\/v2\/types\/post"}],"author":[{"embeddable":true,"href":"https:\/\/www.ades-grenoble.org\/wordpress\/wp-json\/wp\/v2\/users\/1"}],"replies":[{"embeddable":true,"href":"https:\/\/www.ades-grenoble.org\/wordpress\/wp-json\/wp\/v2\/comments?post=8115"}],"version-history":[{"count":3,"href":"https:\/\/www.ades-grenoble.org\/wordpress\/wp-json\/wp\/v2\/posts\/8115\/revisions"}],"predecessor-version":[{"id":8118,"href":"https:\/\/www.ades-grenoble.org\/wordpress\/wp-json\/wp\/v2\/posts\/8115\/revisions\/8118"}],"wp:attachment":[{"href":"https:\/\/www.ades-grenoble.org\/wordpress\/wp-json\/wp\/v2\/media?parent=8115"}],"wp:term":[{"taxonomy":"category","embeddable":true,"href":"https:\/\/www.ades-grenoble.org\/wordpress\/wp-json\/wp\/v2\/categories?post=8115"},{"taxonomy":"post_tag","embeddable":true,"href":"https:\/\/www.ades-grenoble.org\/wordpress\/wp-json\/wp\/v2\/tags?post=8115"}],"curies":[{"name":"wp","href":"https:\/\/api.w.org\/{rel}","templated":true}]}}