{"id":8175,"date":"2014-02-22T19:01:05","date_gmt":"2014-02-22T17:01:05","guid":{"rendered":"http:\/\/www.ades-grenoble.org\/wordpress\/?p=8175"},"modified":"2014-02-22T19:21:06","modified_gmt":"2014-02-22T17:21:06","slug":"rendez-vous-citoyens-debat-sur-la-securite-ateliers-ecriture","status":"publish","type":"post","link":"https:\/\/www.ades-grenoble.org\/wordpress\/2014\/02\/22\/rendez-vous-citoyens-debat-sur-la-securite-ateliers-ecriture\/","title":{"rendered":"Rendez-vous citoyens : d\u00e9bat sur la s\u00e9curit\u00e9, ateliers d&rsquo;\u00e9criture"},"content":{"rendered":"<p><em><img loading=\"lazy\" decoding=\"async\" class=\"alignleft size-full wp-image-8148\" alt=\"cafeCitoyen\" src=\"http:\/\/www.ades-grenoble.org\/wordpress\/wp-content\/uploads\/2014\/02\/cafeCitoyen.png\" width=\"170\" height=\"136\" srcset=\"https:\/\/www.ades-grenoble.org\/wordpress\/wp-content\/uploads\/2014\/02\/cafeCitoyen.png 170w, https:\/\/www.ades-grenoble.org\/wordpress\/wp-content\/uploads\/2014\/02\/cafeCitoyen-150x120.png 150w\" sizes=\"auto, (max-width: 170px) 100vw, 170px\" \/><\/em>Rendez-vous de d\u00e9bat avec les citoyens propos\u00e9s cette semaine par le <a href=\"http:\/\/unevillepourtous.fr\/2014\/01\/25\/cafes-citoyens-venez-debattre-avec-nous-de-lavenir-de-grenoble\/\" target=\"_blank\">Rassemblement Grenoble une ville pour tous<\/a>, <strong>\u00e0 la Maison du rassemblement, 3bis rue Lafayette, \u00e0 Grenoble<\/strong><\/p>\n<h3>Caf\u00e9 citoyen<\/h3>\n<h4>S\u00e9curit\u00e9, ins\u00e9curit\u00e9&#8230; arr\u00eater la d\u00e9magogie, pr\u00e9f\u00e9rer des solutions efficaces<br \/>\n<strong>Mercredi 26\/02<\/strong> <em>(attention : changement de date !)<\/em><strong>, de 18h30 \u00e0 20h<\/strong><\/h4>\n<p>Depuis le \u00ab discours de Grenoble \u00bb de 2010, Grenoble est connue en France pour de bien mauvaises raisons. Les questions de s\u00e9curit\u00e9 ne peuvent pas \u00eatre \u00e9lud\u00e9es. Armement de policiers municipaux (fausse solution, vrai probl\u00e8me ?), vid\u00e9osurveillance (dite vid\u00e9oprotection bien qu\u2019elle ne prot\u00e8ge \u00e9videmment personne), classement en ZSP, offre insuffisante de travail d\u2019int\u00e9r\u00eat g\u00e9n\u00e9ral pour que cette peine alternative \u00e0 la prison soit suffisamment d\u00e9velopp\u00e9e, m\u00e9diation, pr\u00e9vention, formation, \u00e9ducation\u2026 Parlons s\u00e9curit\u00e9 et sentiment d\u2019ins\u00e9curit\u00e9 \u00e0 Grenoble, sans ang\u00e9lisme mais aussi sans caricature.<\/p>\n<p>R\u00e9union anim\u00e9e par Maitre <a href=\"http:\/\/unevillepourtous.fr\/2014\/01\/29\/claude-coutaz\/\" target=\"_blank\">Claude Coutaz<\/a>, avocat et Rapha\u00ebl Grandfils, magistrat, d\u00e9l\u00e9gu\u00e9 r\u00e9gional de Paris pour le syndicat de la magistrature.<\/p>\n<p>&nbsp;<\/p>\n<h3>Les ateliers d&rsquo;\u00e9criture de la ville pour tous<\/h3>\n<p>Le Rassemblement \u00ab\u00a0Grenoble une ville pour tous\u00a0\u00bb et Christine Duminy-Sauzeau, sp\u00e9cialiste des ateliers d&rsquo;\u00e9criture de campagne, nous font le plaisir de proposer deux ateliers d&rsquo;\u00e9criture <strong>les jeudis 27 f\u00e9vrier et 13 mars de 18h \u00e0 20 : <\/strong><\/p>\n<p><strong>sur le th\u00e8me \u00ab Grenoble, une ville pour tous \u00bb, \u00ab une ville \u00e0 taille humaine \u00bb<\/strong> : apportez vos mots \u00e0 cette pratique artistique du langage ! Venez nombreux, aucun pr\u00e9-requis n&rsquo;est demand\u00e9. Ces ateliers d&rsquo;\u00e9criture sont l&rsquo;occasion d&rsquo;\u00e9changer dans un cadre de cr\u00e9ation sur les id\u00e9aux qui nous rassemblent, de donner de la force po\u00e9tique \u00e0 nos id\u00e9es. Avec \u00ab Une ville par tous \u00bb, c&rsquo;est la culture pour tous mais aussi par tous !<\/p>\n","protected":false},"excerpt":{"rendered":"<p>Rendez-vous de d\u00e9bat avec les citoyens propos\u00e9s cette semaine par le Rassemblement Grenoble une ville pour tous, \u00e0 la Maison du rassemblement, 3bis rue Lafayette, \u00e0 Grenoble Caf\u00e9 citoyen S\u00e9curit\u00e9, ins\u00e9curit\u00e9&#8230; arr\u00eater la d\u00e9magogie, pr\u00e9f\u00e9rer des solutions efficaces Mercredi 26\/02 (attention : changement de date !), de 18h30 \u00e0 20h Depuis le \u00ab discours de [&hellip;]<\/p>\n","protected":false},"author":1,"featured_media":0,"comment_status":"closed","ping_status":"open","sticky":false,"template":"","format":"standard","meta":{"twitterCardType":"","cardImageID":0,"cardImage":"","cardTitle":"","cardDesc":"","cardImageAlt":"","cardPlayer":"","cardPlayerWidth":0,"cardPlayerHeight":0,"cardPlayerStream":"","cardPlayerCodec":"","footnotes":""},"categories":[11],"tags":[128],"class_list":["post-8175","post","type-post","status-publish","format-standard","hentry","category-politique-locale","tag-rassemblement-2014"],"_links":{"self":[{"href":"https:\/\/www.ades-grenoble.org\/wordpress\/wp-json\/wp\/v2\/posts\/8175","targetHints":{"allow":["GET"]}}],"collection":[{"href":"https:\/\/www.ades-grenoble.org\/wordpress\/wp-json\/wp\/v2\/posts"}],"about":[{"href":"https:\/\/www.ades-grenoble.org\/wordpress\/wp-json\/wp\/v2\/types\/post"}],"author":[{"embeddable":true,"href":"https:\/\/www.ades-grenoble.org\/wordpress\/wp-json\/wp\/v2\/users\/1"}],"replies":[{"embeddable":true,"href":"https:\/\/www.ades-grenoble.org\/wordpress\/wp-json\/wp\/v2\/comments?post=8175"}],"version-history":[{"count":4,"href":"https:\/\/www.ades-grenoble.org\/wordpress\/wp-json\/wp\/v2\/posts\/8175\/revisions"}],"predecessor-version":[{"id":8179,"href":"https:\/\/www.ades-grenoble.org\/wordpress\/wp-json\/wp\/v2\/posts\/8175\/revisions\/8179"}],"wp:attachment":[{"href":"https:\/\/www.ades-grenoble.org\/wordpress\/wp-json\/wp\/v2\/media?parent=8175"}],"wp:term":[{"taxonomy":"category","embeddable":true,"href":"https:\/\/www.ades-grenoble.org\/wordpress\/wp-json\/wp\/v2\/categories?post=8175"},{"taxonomy":"post_tag","embeddable":true,"href":"https:\/\/www.ades-grenoble.org\/wordpress\/wp-json\/wp\/v2\/tags?post=8175"}],"curies":[{"name":"wp","href":"https:\/\/api.w.org\/{rel}","templated":true}]}}